{"id":9757,"date":"2019-11-27T12:11:10","date_gmt":"2019-11-27T15:11:10","guid":{"rendered":"https:\/\/www.cofecon.org.br\/?p=9757"},"modified":"2019-11-27T12:11:10","modified_gmt":"2019-11-27T15:11:10","slug":"artigo-letargia-economica","status":"publish","type":"post","link":"https:\/\/cofecon.org.br\/cofecon\/?p=9757","title":{"rendered":"Artigo &#8211; Letargia Econ\u00f4mica"},"content":{"rendered":"\n<p>Para o professor Otaviano Canuto (2018), a economia brasileira vem sofrendo de duas graves doen\u00e7as econ\u00f4micas: anemia de produtividade e obesidade fiscal.\u00a0Acres\u00e7o duas outras: o c\u00e2ncer da corrup\u00e7\u00e3o e o t\u00e9tano da regulamenta\u00e7\u00e3o.<\/p>\n<p>Nesse quadro cl\u00ednico-econ\u00f4mico grave, n\u00e3o <em>a la<\/em> Quesnay, estamos afetados por uma letargia econ\u00f4mica profunda.\u00a0Os sintomas est\u00e3o claros e sendo vistos, ano ap\u00f3s ano, estampados na desacelera\u00e7\u00e3o das taxas de crescimento do PIB abaixo da taxa de crescimento populacional, abaixo da taxa b\u00e1sica de juros, abaixo da taxa de infla\u00e7\u00e3o, portanto, uma taxa de crescimento real negativa, o que poder\u00e1 significar uma prov\u00e1vel press\u00e3o alta para a eleva\u00e7\u00e3o dos pre\u00e7os, que concentra o consumo e reascende a pobreza.<\/p>\n<p>Desse diagn\u00f3stico, \u00e9 \u00f3bvio que precisamos ir em busca da cura. Por isso, o que fazer?\u00a0Com a estabilidade inconclusa, e como sempre digo, iniciada com o Plano Real, que caminhos delinear para a melhoria da pol\u00edtica econ\u00f4mica para o Pa\u00eds?<\/p>\n<p>Muita ousadia deste economista alternativo e de barranco; por\u00e9m, parece-me prudente pensar que, para aliviar o paciente Brasil desse quadro cl\u00ednico-econ\u00f4mico cr\u00edtico e let\u00e1rgico, a dosagem medicamentosa recomendada seria de tr\u00eas rem\u00e9dios econ\u00f4micos a serem dosados intensivamente: ajuste fiscal, reformas econ\u00f4micas e seguran\u00e7a institucional.\u00a0<\/p>\n<p>Desajustes no gasto p\u00fablico e intervencionismo econ\u00f4mico a partir de 2008, em nome da marolinha, afetam o relativo equil\u00edbrio fiscal alcan\u00e7ado a duras penas em anos anteriores, fundamentado no chamado trip\u00e9 macroecon\u00f4mico, que eu diria, sem margem \u00e0 d\u00favida, pendular e incompleto, i.\u00e9., por falta de reformas profundas, valoriza\u00e7\u00e3o cambial e juros altos minavam a efici\u00eancia da pol\u00edtica macroecon\u00f4mica no m\u00e9dio e longo per\u00edodos.<\/p>\n<p>Por isso, ajuste fiscal tem sido a tona desde a ex-presidente Dilma, por\u00e9m, ela n\u00e3o acreditava que gasto ineficiente matava vidas.<\/p>\n<p>Assim, com a retomada da pol\u00edtica econ\u00f4mica baseada no trip\u00e9 a partir do ex-presidente Temer e com um grande passo nesse sentido com a Lei do Teto e Piso de Gastos, as expectativas econ\u00f4micas come\u00e7am a tender para um cen\u00e1rio reformista e de perspectivas de retomada do crescimento.<\/p>\n<p>Sob a contin\u00eancia econ\u00f4mica capitaneada pelo mainstream liberal (o que n\u00e3o significa aus\u00eancia de a\u00e7\u00f5es do Estado) Guedesiano e sob a guarda de dois Militares-civis no comando m\u00e1ximo do executivo federal, estrat\u00e9gias democr\u00e1ticas h\u00e3o de serem implementadas visando a prote\u00e7\u00e3o e autonomia ampla, geral e irrestrita dos cidad\u00e3os soldados que constroem esta Na\u00e7\u00e3o.<\/p>\n<p>Portanto, ajuste fiscal para tornar o or\u00e7amento administr\u00e1vel e com capacidade para financiar a demanda agregada let\u00e1rgica como fonte de acelera\u00e7\u00e3o e de est\u00edmulo ao fortalecimento da demanda efetiva geradora de multiplicador de investimentos din\u00e2micos e duradouros; reformas econ\u00f4micas para melhorar a produtividade absoluta (trabalho) e a produtividade relativa (capital) que v\u00e3o nos tirar da armadilha da renda m\u00e9dia; e seguran\u00e7a institucional para garantir e resgatar a confian\u00e7a jur\u00eddica e social, visando o controle do \u201cc\u00e2ncer\u201d e a elimina\u00e7\u00e3o do excesso regulat\u00f3rio.<\/p>\n<p>Ningu\u00e9m segura este novo Brasil, onde o Executivo e o Congresso saber\u00e3o eliminar a dial\u00e9tica oportunista que n\u00e3o proporciona uma s\u00edntese positiva aos brasileiros que est\u00e3o tolerantes com a retomada lenta da sa\u00fade econ\u00f4mica brasileira, mas que j\u00e1 aventa sinais de alta da UTE (Unidade de Tratamento Econ\u00f4mica).<\/p>\n<hr \/>\n<p><strong>Ernani L\u00facio Pinto de Souza, 57, cuiabano, economista do NIEPE\/FE\/UFMT, ms. em planejamento do desenvolvimento pela ANPEC\/NAEA\/UFPA. Foi ex-presidente do CORECON-MT.\u00a0<\/strong><\/p>\n","protected":false},"excerpt":{"rendered":"","protected":false},"author":1,"featured_media":9758,"comment_status":"closed","ping_status":"closed","sticky":false,"template":"","format":"standard","meta":{"footnotes":""},"categories":[6],"tags":[],"class_list":["post-9757","post","type-post","status-publish","format-standard","has-post-thumbnail","hentry","category-artigo"],"_links":{"self":[{"href":"https:\/\/cofecon.org.br\/cofecon\/index.php?rest_route=\/wp\/v2\/posts\/9757"}],"collection":[{"href":"https:\/\/cofecon.org.br\/cofecon\/index.php?rest_route=\/wp\/v2\/posts"}],"about":[{"href":"https:\/\/cofecon.org.br\/cofecon\/index.php?rest_route=\/wp\/v2\/types\/post"}],"author":[{"embeddable":true,"href":"https:\/\/cofecon.org.br\/cofecon\/index.php?rest_route=\/wp\/v2\/users\/1"}],"replies":[{"embeddable":true,"href":"https:\/\/cofecon.org.br\/cofecon\/index.php?rest_route=%2Fwp%2Fv2%2Fcomments&post=9757"}],"version-history":[{"count":0,"href":"https:\/\/cofecon.org.br\/cofecon\/index.php?rest_route=\/wp\/v2\/posts\/9757\/revisions"}],"wp:featuredmedia":[{"embeddable":true,"href":"https:\/\/cofecon.org.br\/cofecon\/index.php?rest_route=\/wp\/v2\/media\/9758"}],"wp:attachment":[{"href":"https:\/\/cofecon.org.br\/cofecon\/index.php?rest_route=%2Fwp%2Fv2%2Fmedia&parent=9757"}],"wp:term":[{"taxonomy":"category","embeddable":true,"href":"https:\/\/cofecon.org.br\/cofecon\/index.php?rest_route=%2Fwp%2Fv2%2Fcategories&post=9757"},{"taxonomy":"post_tag","embeddable":true,"href":"https:\/\/cofecon.org.br\/cofecon\/index.php?rest_route=%2Fwp%2Fv2%2Ftags&post=9757"}],"curies":[{"name":"wp","href":"https:\/\/api.w.org\/{rel}","templated":true}]}}