{"id":9701,"date":"2019-11-18T13:18:08","date_gmt":"2019-11-18T16:18:08","guid":{"rendered":"https:\/\/www.cofecon.org.br\/?p=9701"},"modified":"2019-11-18T13:18:08","modified_gmt":"2019-11-18T16:18:08","slug":"artigo-a-desigualdade-que-envergonha","status":"publish","type":"post","link":"https:\/\/cofecon.org.br\/cofecon\/?p=9701","title":{"rendered":"Artigo &#8211; A desigualdade que envergonha"},"content":{"rendered":"\n<p><img loading=\"lazy\" decoding=\"async\" class=\"size-full wp-image-9702 alignleft\" src=\"http:\/\/cofecon.org.br\/cofecon\/wp-content\/uploads\/2019\/11\/desigualdade.jpg\" alt=\"\" width=\"350\" height=\"250\" srcset=\"https:\/\/cofecon.org.br\/cofecon\/wp-content\/uploads\/2019\/11\/desigualdade.jpg 350w, https:\/\/cofecon.org.br\/cofecon\/wp-content\/uploads\/2019\/11\/desigualdade-300x214.jpg 300w\" sizes=\"(max-width: 350px) 100vw, 350px\" \/>Por Lauro Chaves Neto \u2013 Conselheiro do conselho Federal de Economia, PHD em Desenvolvimento Regional pela universidade de Barcelona e Professor da UECE.<\/p>\n<p>Nenhum pa\u00eds ou territ\u00f3rio consegue se tornar desenvolvido sem reduzir as desigualdades extremas existentes no seio da sociedade. Socialmente ela assola a dignidade e as aspira\u00e7\u00f5es dos exclu\u00eddos, economicamente ela limita tanto o mercado consumidor como o mercado de trabalho.<\/p>\n<p>A sa\u00edda da recess\u00e3o, mesmo com o crescimento reduzido e lento, retirou 1 milh\u00e3o de brasileiros da pobreza extrema em 2018. Contudo, segundo o IBGE, ainda existiam 13,5 milh\u00f5es de pessoas nessa situa\u00e7\u00e3o. Ressalte-se que a m\u00e9trica usada foi a do Banco Mundial que considera em pobreza extrema aqueles que vivem com at\u00e9 US$1,90 por dia, por outro lado s\u00e3o considerados pobres os que vivem com menos de US$5,50 di\u00e1rios, o que contempla 52,5 milh\u00f5es em nosso pa\u00eds.<\/p>\n<p>\u00a0Expandindo a an\u00e1lise pontual sobre a desigualdade no Brasil, para a s\u00e9rie hist\u00f3rica desde 1926, o livro \u201cUma Hist\u00f3ria da Desigualdade\u201d do IPEA, aponta a necessidade de olhar para o topo: uma parcela significativa da renda est\u00e1 concentrada no andar de cima.<\/p>\n<p>Reduzir a pobreza e, principalmente, a extrema pobreza, foram \u00eaxitos conseguidos no Mundo e no Brasil P\u00f3s Real, principalmente nos 16 anos de FHC e Lula; por\u00e9m obter sucesso na redu\u00e7\u00e3o da Desigualdade \u00e9 tarefa bem mais complexa. A desigualdade brasileira caiu nos per\u00edodos democr\u00e1ticos, de 1945 a 1964 e, em menor propor\u00e7\u00e3o, na fase atual, ao passo que cresceu tanto no Estado Novo quanto no Regime Militar.<\/p>\n<p>O Pr\u00eamio Nobel de Economia James Heckman coloca o foco na educa\u00e7\u00e3o e na distribui\u00e7\u00e3o de habilidades para se obter sucesso na redu\u00e7\u00e3o das desigualdades e n\u00e3o na redistribui\u00e7\u00e3o de renda. A desigualdade s\u00f3 cai, radicalmente, com grandes choques externos e marcos hist\u00f3ricos, essa hip\u00f3tese \u00e9 conhecida como Jencks-Piketty.<\/p>\n<p>A redu\u00e7\u00e3o da desigualdade deve ser uma prioridade das pol\u00edticas p\u00fablicas dentro de uma normalidade institucional, que incentive os valores democr\u00e1ticos, s\u00f3 assim o Brasil poder\u00e1 resgatar essa injusti\u00e7a hist\u00f3rica.<\/p>\n","protected":false},"excerpt":{"rendered":"","protected":false},"author":1,"featured_media":9702,"comment_status":"closed","ping_status":"closed","sticky":false,"template":"","format":"standard","meta":{"footnotes":""},"categories":[6],"tags":[],"class_list":["post-9701","post","type-post","status-publish","format-standard","has-post-thumbnail","hentry","category-artigo"],"_links":{"self":[{"href":"https:\/\/cofecon.org.br\/cofecon\/index.php?rest_route=\/wp\/v2\/posts\/9701"}],"collection":[{"href":"https:\/\/cofecon.org.br\/cofecon\/index.php?rest_route=\/wp\/v2\/posts"}],"about":[{"href":"https:\/\/cofecon.org.br\/cofecon\/index.php?rest_route=\/wp\/v2\/types\/post"}],"author":[{"embeddable":true,"href":"https:\/\/cofecon.org.br\/cofecon\/index.php?rest_route=\/wp\/v2\/users\/1"}],"replies":[{"embeddable":true,"href":"https:\/\/cofecon.org.br\/cofecon\/index.php?rest_route=%2Fwp%2Fv2%2Fcomments&post=9701"}],"version-history":[{"count":0,"href":"https:\/\/cofecon.org.br\/cofecon\/index.php?rest_route=\/wp\/v2\/posts\/9701\/revisions"}],"wp:featuredmedia":[{"embeddable":true,"href":"https:\/\/cofecon.org.br\/cofecon\/index.php?rest_route=\/wp\/v2\/media\/9702"}],"wp:attachment":[{"href":"https:\/\/cofecon.org.br\/cofecon\/index.php?rest_route=%2Fwp%2Fv2%2Fmedia&parent=9701"}],"wp:term":[{"taxonomy":"category","embeddable":true,"href":"https:\/\/cofecon.org.br\/cofecon\/index.php?rest_route=%2Fwp%2Fv2%2Fcategories&post=9701"},{"taxonomy":"post_tag","embeddable":true,"href":"https:\/\/cofecon.org.br\/cofecon\/index.php?rest_route=%2Fwp%2Fv2%2Ftags&post=9701"}],"curies":[{"name":"wp","href":"https:\/\/api.w.org\/{rel}","templated":true}]}}