{"id":969,"date":"2016-04-05T15:42:03","date_gmt":"2016-04-05T18:42:03","guid":{"rendered":"http:\/\/www.cofecon.org.br\/?p=969"},"modified":"2016-04-05T15:42:03","modified_gmt":"2016-04-05T18:42:03","slug":"presidentes-do-cofecon-e-do-corecon-rs-participaram-de-reuniao-no-badesul","status":"publish","type":"post","link":"https:\/\/cofecon.org.br\/cofecon\/?p=969","title":{"rendered":"Presidentes do Cofecon e do Corecon-RS participaram de reuni\u00e3o no BADESUL"},"content":{"rendered":"<p style=\"text-align: justify;\"><img loading=\"lazy\" decoding=\"async\" class=\"size-medium wp-image-970 alignleft\" src=\"http:\/\/www.cofecon.org.br\/wp-content\/uploads\/2017\/06\/33-300x171.jpg\" alt=\"\" width=\"300\" height=\"171\" srcset=\"https:\/\/cofecon.org.br\/cofecon\/wp-content\/uploads\/2017\/06\/33-300x171.jpg 300w, https:\/\/cofecon.org.br\/cofecon\/wp-content\/uploads\/2017\/06\/33.jpg 679w\" sizes=\"(max-width: 300px) 100vw, 300px\" \/>O presidente do Conselho Federal de Economia, J\u00falio Miragaya, e a presidente do Conselho Regional de Economia do Rio Grande do Sul (Corecon-RS), Simone Magalh\u00e3es, reuniram-se no dia 31 de mar\u00e7o com a diretora-presidente do Badesul, Susana Kakuta. Simone Magalh\u00e3es foi apresentar ao Badesul as a\u00e7\u00f5es que v\u00eam sendo desenvolvidas pelo Conselho, na busca de uma maior aproxima\u00e7\u00e3o da entidade com as empresas p\u00fablicas e privadas, universidades e demais institui\u00e7\u00f5es de pesquisas existentes no estado.<\/p>\n<p style=\"text-align: justify;\">A economista apresentou os eventos programados para este ano, destacando a pr\u00f3xima edi\u00e7\u00e3o do Torneio Corecon\/RS de Economia, que inicia em junho e ter\u00e1 o fomento como tema central. Disse que o Torneio \u00e9 dirigido a estudantes dos cursos de Ci\u00eancias Econ\u00f4micas de todo o RS, com o objetivo de proporcionar oportunidades de utiliza\u00e7\u00e3o da pr\u00e1tica e do conhecimento te\u00f3rico, para o confronto atrav\u00e9s de jogos. Falou, ainda, sobre a import\u00e2ncia de um maior aprimoramento e qualifica\u00e7\u00e3o dos profissionais de Economia, atrav\u00e9s de cursos espec\u00edficos exigidos pelo mercado de trabalho, e colocou o Corecon\/RS, assim como seus \u201cquase cinco mil economistas registrados, potenciais agentes multiplicadores do desenvolvimento do Rio Grande do Sul\u201d, \u00e0 disposi\u00e7\u00e3o dos in\u00fameros projetos do Badesul.<\/p>\n<p style=\"text-align: justify;\">Suzana Kakuta, que tamb\u00e9m \u00e9 gestora\u00a0executiva do Parque Tecnol\u00f3gico da Unisinos\u00a0(Tecnosinos), falou sobre as diversas frentes e a\u00e7\u00f5es desenvolvidas pelo Badesul na promo\u00e7\u00e3o do desenvolvimento econ\u00f4mico e social do RS, como \u00f3rg\u00e3o de financiamento e de promo\u00e7\u00e3o do conhecimento, voltado a projetos do setor p\u00fablico e de empresas privadas, com vistas ao desenvolvimento econ\u00f4mico do estado.<\/p>\n<p style=\"text-align: justify;\">Tamb\u00e9m participaram do encontro o conselheiro do Corecon\/RS, economista Alfredo Meneghetti Neto, e o conselheiro federal, economista Henri Bejzman.<\/p>\n","protected":false},"excerpt":{"rendered":"<p>O presidente do Conselho Federal de Economia, J\u00falio Miragaya, e a presidente do Conselho Regional de Economia do Rio Grande do Sul (Corecon-RS), Simone Magalh\u00e3es, reuniram-se no dia 31 de mar\u00e7o com a diretora-presidente do Badesul, Susana Kakuta. Simone Magalh\u00e3es<\/p>\n<p><a class=\"more-link\" href=\"https:\/\/cofecon.org.br\/cofecon\/?p=969\">Leia Mais<\/a><\/p>\n","protected":false},"author":1,"featured_media":0,"comment_status":"open","ping_status":"open","sticky":false,"template":"","format":"standard","meta":{"footnotes":""},"categories":[2],"tags":[],"class_list":["post-969","post","type-post","status-publish","format-standard","hentry","category-noticias"],"_links":{"self":[{"href":"https:\/\/cofecon.org.br\/cofecon\/index.php?rest_route=\/wp\/v2\/posts\/969"}],"collection":[{"href":"https:\/\/cofecon.org.br\/cofecon\/index.php?rest_route=\/wp\/v2\/posts"}],"about":[{"href":"https:\/\/cofecon.org.br\/cofecon\/index.php?rest_route=\/wp\/v2\/types\/post"}],"author":[{"embeddable":true,"href":"https:\/\/cofecon.org.br\/cofecon\/index.php?rest_route=\/wp\/v2\/users\/1"}],"replies":[{"embeddable":true,"href":"https:\/\/cofecon.org.br\/cofecon\/index.php?rest_route=%2Fwp%2Fv2%2Fcomments&post=969"}],"version-history":[{"count":0,"href":"https:\/\/cofecon.org.br\/cofecon\/index.php?rest_route=\/wp\/v2\/posts\/969\/revisions"}],"wp:attachment":[{"href":"https:\/\/cofecon.org.br\/cofecon\/index.php?rest_route=%2Fwp%2Fv2%2Fmedia&parent=969"}],"wp:term":[{"taxonomy":"category","embeddable":true,"href":"https:\/\/cofecon.org.br\/cofecon\/index.php?rest_route=%2Fwp%2Fv2%2Fcategories&post=969"},{"taxonomy":"post_tag","embeddable":true,"href":"https:\/\/cofecon.org.br\/cofecon\/index.php?rest_route=%2Fwp%2Fv2%2Ftags&post=969"}],"curies":[{"name":"wp","href":"https:\/\/api.w.org\/{rel}","templated":true}]}}