{"id":966,"date":"2016-04-01T15:40:12","date_gmt":"2016-04-01T18:40:12","guid":{"rendered":"http:\/\/www.cofecon.org.br\/?p=966"},"modified":"2016-04-01T15:40:12","modified_gmt":"2016-04-01T18:40:12","slug":"conselheiro-luiz-alberto-machado-ministrou-palestra-na-camara-brasil-alemanha","status":"publish","type":"post","link":"https:\/\/cofecon.org.br\/cofecon\/?p=966","title":{"rendered":"Conselheiro Luiz Alberto Machado ministrou palestra na C\u00e2mara Brasil-Alemanha"},"content":{"rendered":"<p style=\"text-align: justify;\"><img loading=\"lazy\" decoding=\"async\" class=\"size-medium wp-image-967 alignleft\" src=\"http:\/\/www.cofecon.org.br\/wp-content\/uploads\/2017\/06\/32-300x171.jpg\" alt=\"\" width=\"300\" height=\"171\" srcset=\"https:\/\/cofecon.org.br\/cofecon\/wp-content\/uploads\/2017\/06\/32-300x171.jpg 300w, https:\/\/cofecon.org.br\/cofecon\/wp-content\/uploads\/2017\/06\/32.jpg 679w\" sizes=\"(max-width: 300px) 100vw, 300px\" \/>O conselheiro do Cofecon e vice-diretor da Faculdade de Economia da Funda\u00e7\u00e3o Armando \u00c1lvares Penteado (FAAP), Luiz Alberto Machado, ministrou uma palestra na Reuni\u00e3o de Diretoria da C\u00e2mara de Com\u00e9rcio e Ind\u00fastria Brasil-Alemanha. A apresenta\u00e7\u00e3o ocorreu na \u00faltima quinta-feira, 31 de mar\u00e7o, em S\u00e3o Paulo, e teve como tema \u201cO impacto das conjunturas econ\u00f4mica e geopol\u00edtica nas empresas e organiza\u00e7\u00f5es\u201d.<\/p>\n<p style=\"text-align: justify;\">A Reuni\u00e3o de Diretoria da C\u00e2mara Brasil-Alemanha \u00e9 um encontro fechado onde est\u00e3o presentes cerca de 60 CEOs\/presidentes das grandes e m\u00e9dias empresas alem\u00e3s no Brasil. \u201cEles ficaram bem interessados n\u00e3o s\u00f3 em fun\u00e7\u00e3o do grave momento que o Pa\u00eds atravessa mas pelo fato de ter abordado aspectos que dificilmente s\u00e3o encontrados em artigos ou palestras dessa natureza, tais como o fortalecimento da \u00cdndia, o aumento da viol\u00eancia e terrorismo no mundo, e a islamiza\u00e7\u00e3o da agenda institucional\u201d, explicou Luiz Alberto Machado.<\/p>\n","protected":false},"excerpt":{"rendered":"<p>O conselheiro do Cofecon e vice-diretor da Faculdade de Economia da Funda\u00e7\u00e3o Armando \u00c1lvares Penteado (FAAP), Luiz Alberto Machado, ministrou uma palestra na Reuni\u00e3o de Diretoria da C\u00e2mara de Com\u00e9rcio e Ind\u00fastria Brasil-Alemanha. A apresenta\u00e7\u00e3o ocorreu na \u00faltima quinta-feira, 31<\/p>\n<p><a class=\"more-link\" href=\"https:\/\/cofecon.org.br\/cofecon\/?p=966\">Leia Mais<\/a><\/p>\n","protected":false},"author":1,"featured_media":0,"comment_status":"open","ping_status":"open","sticky":false,"template":"","format":"standard","meta":{"footnotes":""},"categories":[2],"tags":[],"class_list":["post-966","post","type-post","status-publish","format-standard","hentry","category-noticias"],"_links":{"self":[{"href":"https:\/\/cofecon.org.br\/cofecon\/index.php?rest_route=\/wp\/v2\/posts\/966"}],"collection":[{"href":"https:\/\/cofecon.org.br\/cofecon\/index.php?rest_route=\/wp\/v2\/posts"}],"about":[{"href":"https:\/\/cofecon.org.br\/cofecon\/index.php?rest_route=\/wp\/v2\/types\/post"}],"author":[{"embeddable":true,"href":"https:\/\/cofecon.org.br\/cofecon\/index.php?rest_route=\/wp\/v2\/users\/1"}],"replies":[{"embeddable":true,"href":"https:\/\/cofecon.org.br\/cofecon\/index.php?rest_route=%2Fwp%2Fv2%2Fcomments&post=966"}],"version-history":[{"count":0,"href":"https:\/\/cofecon.org.br\/cofecon\/index.php?rest_route=\/wp\/v2\/posts\/966\/revisions"}],"wp:attachment":[{"href":"https:\/\/cofecon.org.br\/cofecon\/index.php?rest_route=%2Fwp%2Fv2%2Fmedia&parent=966"}],"wp:term":[{"taxonomy":"category","embeddable":true,"href":"https:\/\/cofecon.org.br\/cofecon\/index.php?rest_route=%2Fwp%2Fv2%2Fcategories&post=966"},{"taxonomy":"post_tag","embeddable":true,"href":"https:\/\/cofecon.org.br\/cofecon\/index.php?rest_route=%2Fwp%2Fv2%2Ftags&post=966"}],"curies":[{"name":"wp","href":"https:\/\/api.w.org\/{rel}","templated":true}]}}