{"id":957,"date":"2016-03-31T15:32:54","date_gmt":"2016-03-31T18:32:54","guid":{"rendered":"http:\/\/www.cofecon.org.br\/?p=957"},"modified":"2016-03-31T15:32:54","modified_gmt":"2016-03-31T18:32:54","slug":"presidente-participa-de-sessao-plenaria-do-corecon-df","status":"publish","type":"post","link":"https:\/\/cofecon.org.br\/cofecon\/?p=957","title":{"rendered":"Presidente participa de sess\u00e3o plen\u00e1ria do Corecon-DF"},"content":{"rendered":"<p style=\"text-align: justify;\"><img loading=\"lazy\" decoding=\"async\" class=\"size-medium wp-image-960 alignleft\" src=\"http:\/\/www.cofecon.org.br\/wp-content\/uploads\/2017\/06\/30-300x170.jpg\" alt=\"\" width=\"300\" height=\"170\" srcset=\"https:\/\/cofecon.org.br\/cofecon\/wp-content\/uploads\/2017\/06\/30-300x170.jpg 300w, https:\/\/cofecon.org.br\/cofecon\/wp-content\/uploads\/2017\/06\/30.jpg 679w\" sizes=\"(max-width: 300px) 100vw, 300px\" \/>O presidente do Cofecon, J\u00falio Miragaya, participou da Sess\u00e3o Plen\u00e1ria do Conselho Regional de Economia do Distrito Federal, realizada na noite de 30 de mar\u00e7o. O evento, inclusive, teve lugar na sede da autarquia federal, no Plen\u00e1rio Jo\u00e3o Paulo de Almeida Magalh\u00e3es. Participaram da sess\u00e3o os conselheiros regionais, presididos pela economista Maria Cristina de Ara\u00fajo.<\/p>\n<p style=\"text-align: justify;\">A participa\u00e7\u00e3o da presid\u00eancia em sess\u00f5es plen\u00e1rias regionais faz parte do projeto &#8220;Ouvindo os Corecons&#8221;, que aproxima o Cofecon das demandas espec\u00edficas dos economistas em cada estado.<\/p>\n<p style=\"text-align: justify;\">Em janeiro, o presidente J\u00falio Miragaya compareceu \u00e0 abertura da primeira sess\u00e3o plen\u00e1ria do Corecon-SP em 2016 e, em seguida, esteve no Corecon-DF, em Bras\u00edlia; nos dias 25 e 29 de fevereiro foi a vez do Corecon-RJ e Corecon-PI, respectivamente; no dia 04 de mar\u00e7o Miragaya participou da plen\u00e1ria do Corecon-MG e no dia 11 do mesmo m\u00eas foi a vez do Corecon-MS. Hoje o presidente do Cofecon participa da sess\u00e3o plen\u00e1ria do Corecon-RS.<\/p>\n","protected":false},"excerpt":{"rendered":"<p>O presidente do Cofecon, J\u00falio Miragaya, participou da Sess\u00e3o Plen\u00e1ria do Conselho Regional de Economia do Distrito Federal, realizada na noite de 30 de mar\u00e7o. O evento, inclusive, teve lugar na sede da autarquia federal, no Plen\u00e1rio Jo\u00e3o Paulo de<\/p>\n<p><a class=\"more-link\" href=\"https:\/\/cofecon.org.br\/cofecon\/?p=957\">Leia Mais<\/a><\/p>\n","protected":false},"author":1,"featured_media":0,"comment_status":"open","ping_status":"open","sticky":false,"template":"","format":"standard","meta":{"footnotes":""},"categories":[2],"tags":[],"class_list":["post-957","post","type-post","status-publish","format-standard","hentry","category-noticias"],"_links":{"self":[{"href":"https:\/\/cofecon.org.br\/cofecon\/index.php?rest_route=\/wp\/v2\/posts\/957"}],"collection":[{"href":"https:\/\/cofecon.org.br\/cofecon\/index.php?rest_route=\/wp\/v2\/posts"}],"about":[{"href":"https:\/\/cofecon.org.br\/cofecon\/index.php?rest_route=\/wp\/v2\/types\/post"}],"author":[{"embeddable":true,"href":"https:\/\/cofecon.org.br\/cofecon\/index.php?rest_route=\/wp\/v2\/users\/1"}],"replies":[{"embeddable":true,"href":"https:\/\/cofecon.org.br\/cofecon\/index.php?rest_route=%2Fwp%2Fv2%2Fcomments&post=957"}],"version-history":[{"count":0,"href":"https:\/\/cofecon.org.br\/cofecon\/index.php?rest_route=\/wp\/v2\/posts\/957\/revisions"}],"wp:attachment":[{"href":"https:\/\/cofecon.org.br\/cofecon\/index.php?rest_route=%2Fwp%2Fv2%2Fmedia&parent=957"}],"wp:term":[{"taxonomy":"category","embeddable":true,"href":"https:\/\/cofecon.org.br\/cofecon\/index.php?rest_route=%2Fwp%2Fv2%2Fcategories&post=957"},{"taxonomy":"post_tag","embeddable":true,"href":"https:\/\/cofecon.org.br\/cofecon\/index.php?rest_route=%2Fwp%2Fv2%2Ftags&post=957"}],"curies":[{"name":"wp","href":"https:\/\/api.w.org\/{rel}","templated":true}]}}