{"id":955,"date":"2016-03-31T15:30:44","date_gmt":"2016-03-31T18:30:44","guid":{"rendered":"http:\/\/www.cofecon.org.br\/?p=955"},"modified":"2016-03-31T15:30:44","modified_gmt":"2016-03-31T18:30:44","slug":"o-santo-e-de-barro","status":"publish","type":"post","link":"https:\/\/cofecon.org.br\/cofecon\/?p=955","title":{"rendered":"Artigo &#8211; O santo \u00e9 de barro"},"content":{"rendered":"<p style=\"text-align: justify;\">H\u00e1 exatamente 52 anos um golpe instalou a ditadura militar no Pa\u00eds, inaugurando uma era de persegui\u00e7\u00e3o, tortura e priva\u00e7\u00e3o de direitos. Volta \u00e0 tona a quest\u00e3o da ruptura institucional, agora e em 1964, patrocinada pelo mercado financeiro e grandes corpora\u00e7\u00f5es, respaldados pela classe m\u00e9dia conservadora, a grande m\u00eddia e a Fiesp, tendo a tardia ades\u00e3o da OAB, que tamb\u00e9m apoiou o golpe militar em 1964.<\/p>\n<p style=\"text-align: justify;\">Diante da fragilidade dos argumentos apresentados para o impeachment &#8211; as pedaladas fiscais tamb\u00e9m foram feitas por ex-presidentes e continuam com os atuais governadores; a pr\u00e1tica de caixa dois \u00e9 a regra em todas as principais campanhas eleitorais &#8211; o mote para destituir a presidente passou a ser a crise econ\u00f4mica, o que tampouco se sustenta, pois in\u00fameros pa\u00edses enfrentaram e enfrentam quedas no PIB sem ruptura institucional.<\/p>\n<p style=\"text-align: justify;\">O fato \u00e9 que a rapidez com que se busca a destitui\u00e7\u00e3o da presidente Dilma s\u00f3 n\u00e3o \u00e9 maior que a avidez em se negociar os termos do novo governo Temer. De que maneira o programa econ\u00f4mico \u201cUma ponte para o futuro\u201d, apresentado pelo PMDB, e que est\u00e1 sendo abra\u00e7ado pela oposi\u00e7\u00e3o, enfrentaria a aguda crise econ\u00f4mica? A resposta \u00e9 \u00f3bvia: jogando o \u00f4nus do ajuste fiscal nas costas da classe trabalhadora, com reforma da previd\u00eancia social, fim da pol\u00edtica de valoriza\u00e7\u00e3o do sal\u00e1rio m\u00ednimo e forte corte nos programas sociais, preservando-se e ampliando-se os privil\u00e9gios do grande capital. Golpear as conquistas sociais \u00e9 o prop\u00f3sito inconfess\u00e1vel do golpe.<\/p>\n<p style=\"text-align: justify;\">\u00c9 bom, contudo, irem devagar com o andor porque o santo \u00e9 de barro. Algu\u00e9m em s\u00e3 consci\u00eancia acredita que o retrocesso social seria feito sem resist\u00eancia? As centrais sindicais e os movimentos sociais, que j\u00e1 est\u00e3o profundamente insatisfeitos com a condu\u00e7\u00e3o vacilante do governo Dilma, ficariam de bra\u00e7os cruzados? O palco migraria da Paulista para o ABC.<\/p>\n<p style=\"text-align: justify;\"><strong>J\u00falio Miragaya &#8211; Economista, doutor em desenvolvimento sustent\u00e1vel.<\/strong><\/p>\n","protected":false},"excerpt":{"rendered":"<p>H\u00e1 exatamente 52 anos um golpe instalou a ditadura militar no Pa\u00eds, inaugurando uma era de persegui\u00e7\u00e3o, tortura e priva\u00e7\u00e3o de direitos. Volta \u00e0 tona a quest\u00e3o da ruptura institucional, agora e em 1964, patrocinada pelo mercado financeiro e grandes<\/p>\n<p><a class=\"more-link\" href=\"https:\/\/cofecon.org.br\/cofecon\/?p=955\">Leia Mais<\/a><\/p>\n","protected":false},"author":1,"featured_media":0,"comment_status":"open","ping_status":"open","sticky":false,"template":"","format":"standard","meta":{"footnotes":""},"categories":[6],"tags":[],"class_list":["post-955","post","type-post","status-publish","format-standard","hentry","category-artigo"],"_links":{"self":[{"href":"https:\/\/cofecon.org.br\/cofecon\/index.php?rest_route=\/wp\/v2\/posts\/955"}],"collection":[{"href":"https:\/\/cofecon.org.br\/cofecon\/index.php?rest_route=\/wp\/v2\/posts"}],"about":[{"href":"https:\/\/cofecon.org.br\/cofecon\/index.php?rest_route=\/wp\/v2\/types\/post"}],"author":[{"embeddable":true,"href":"https:\/\/cofecon.org.br\/cofecon\/index.php?rest_route=\/wp\/v2\/users\/1"}],"replies":[{"embeddable":true,"href":"https:\/\/cofecon.org.br\/cofecon\/index.php?rest_route=%2Fwp%2Fv2%2Fcomments&post=955"}],"version-history":[{"count":0,"href":"https:\/\/cofecon.org.br\/cofecon\/index.php?rest_route=\/wp\/v2\/posts\/955\/revisions"}],"wp:attachment":[{"href":"https:\/\/cofecon.org.br\/cofecon\/index.php?rest_route=%2Fwp%2Fv2%2Fmedia&parent=955"}],"wp:term":[{"taxonomy":"category","embeddable":true,"href":"https:\/\/cofecon.org.br\/cofecon\/index.php?rest_route=%2Fwp%2Fv2%2Fcategories&post=955"},{"taxonomy":"post_tag","embeddable":true,"href":"https:\/\/cofecon.org.br\/cofecon\/index.php?rest_route=%2Fwp%2Fv2%2Ftags&post=955"}],"curies":[{"name":"wp","href":"https:\/\/api.w.org\/{rel}","templated":true}]}}