{"id":953,"date":"2016-03-31T15:13:54","date_gmt":"2016-03-31T18:13:54","guid":{"rendered":"http:\/\/www.cofecon.org.br\/?p=953"},"modified":"2016-03-31T15:13:54","modified_gmt":"2016-03-31T18:13:54","slug":"o-sentido-da-economia","status":"publish","type":"post","link":"https:\/\/cofecon.org.br\/cofecon\/?p=953","title":{"rendered":"Artigo &#8211; O sentido da economia"},"content":{"rendered":"<p style=\"text-align: justify;\">Insurgir-se contra o modelo de crescimento econ\u00f4mico dominante e, de igual modo, contra a no\u00e7\u00e3o de progresso baseada no sufocante consumismo desenfreado, uma vez que isso tem permitido elevar o grau de degrada\u00e7\u00e3o\/deple\u00e7\u00e3o ambiental, \u00e9 o premente desafio a ser enfrentado pela humanidade nos dias que correm.<\/p>\n<p style=\"text-align: justify;\">Desafio esse que se amplifica \u00e0 medida que, for\u00e7osamente, isso leva \u00e0 humanidade a reconhecer e admitir seus erros para a necess\u00e1ria mudan\u00e7a de rota, igualmente mudando o curso dos acontecimentos, adotando, a partir de ent\u00e3o, o mais elementar dos princ\u00edpios basilares: cuidar da Casa Comum, esse planeta que acolhe a todos.<\/p>\n<p style=\"text-align: justify;\">Abandonar, pois, esse atual modelo de economia linear global (extrai, produz, consome, descarta) que, al\u00e9m de favorecer os mecanismos de mercado (produ\u00e7\u00e3o e consumo), ainda age no sentido de aumentar a press\u00e3o sobre o meio ambiente (extra\u00e7\u00e3o de recursos, polui\u00e7\u00e3o e descarte p\u00f3s produ\u00e7\u00e3o), implica, todavia, discutir em paralelo a elabora\u00e7\u00e3o de um novo paradigma de desenvolvimento, suplantando o atual de crescimento, reconhecido fator de dilapida\u00e7\u00e3o das riquezas naturais e de empobrecimento \u2013 pela acentuada diminui\u00e7\u00e3o &#8211; do patrim\u00f4nio ecol\u00f3gico.<\/p>\n<p style=\"text-align: justify;\">Dito de outra maneira, o caminho a seguir passa, primeiramente, por encontrar \u2013 e dar &#8211; um novo sentido e objetivo \u00e0 economia (enquanto atividade de produ\u00e7\u00e3o), afastando-a do modo atual de produzir sem cessar, para consumir cada vez mais, aumentando na mesma propor\u00e7\u00e3o a produ\u00e7\u00e3o incessante de bens, consagrando assim, aos olhos do mercado e dos ditames mercadol\u00f3gicos (vendas, circula\u00e7\u00e3o e maximiza\u00e7\u00e3o de lucros), a pr\u00f3pria no\u00e7\u00e3o impl\u00edcita ao crescimento econ\u00f4mico, cujo \u201coxig\u00eanio\u201d respons\u00e1vel pela sua sobreviv\u00eancia \u00e9 justamente o consumismo voraz.<\/p>\n<p style=\"text-align: justify;\">Por isso esse novo sentido a ser dado \u00e0 economia precisa resgatar, acima de tudo, a necessidade da prote\u00e7\u00e3o\/conserva\u00e7\u00e3o ambiental, reincorporando os v\u00ednculos de comunh\u00e3o social, conciliando necessidades de produ\u00e7\u00e3o industrial com pol\u00edticas sociais pensadas unicamente na pr\u00e1tica do bem comum.<\/p>\n<p style=\"text-align: justify;\">Entretanto, isso somente ser\u00e1 poss\u00edvel se a economia for colocada \u00e0 servi\u00e7o da vida, especialmente da vida humana, como bem destaca uma das mais relevantes passagens (158) da enc\u00edclica ecol\u00f3gica (Laudato S\u00ed \u2013 Louvado Sejas), do Papa Francisco.<\/p>\n<p style=\"text-align: justify;\">Contudo, \u00e9 preciso ponderar que qualquer tentativa de mudan\u00e7a exige, antecipadamente, a\u00e7\u00e3o e participa\u00e7\u00e3o coletivas, uma vez que tudo, absolutamente tudo est\u00e1 interligado e \u00e9 interdependente. Por\u00e9m, diante da ina\u00e7\u00e3o e do pouco \u2013 para n\u00e3o dizer nenhum &#8211; interesse dos governos, mesclado a interesses maiores daqueles que comp\u00f5em a c\u00fapula do poder mundial, n\u00e3o se deve esperar iniciativas no sentido da mudan\u00e7a que n\u00e3o sejam exclusivamente as que emergirem dos povos.<\/p>\n<p style=\"text-align: justify;\">Somente mediante uma coesa, forte e intensa press\u00e3o\/participa\u00e7\u00e3o popular poder\u00e1 nos colocar diante de um novo paradigma de desenvolvimento. Esse precisa estar amparado numa ampla conscientiza\u00e7\u00e3o social e ecol\u00f3gica, enfatizando o fato de que a celebra\u00e7\u00e3o da vida est\u00e1 em perigo e, por isso, mudar de rota \u00e9 imprescind\u00edvel.<\/p>\n<p style=\"text-align: justify;\">Por sua vez, esse conjunto de a\u00e7\u00e3o\/participa\u00e7\u00e3o obrigatoriamente deve ser concebido sob uma perspectiva diferente da atual: organizando toda a economia para prestar servi\u00e7os aos povos, e n\u00e3o colocando a comunidade, como tem sido pr\u00e1tica comum, para servir \u00e0 economia.<\/p>\n<p style=\"text-align: justify;\">Para isso, tomando parte dos argumentos centrais desenvolvidos na Carta da Terra, e explorando um pouco mais outras importantes passagens da mencionada enc\u00edclica socioambiental, cabe resgatar, nesse pormenor, o que segue: \u201cA Carta da Terra convida-nos, a todos, a come\u00e7ar de novo, deixando para tr\u00e1s uma etapa de autodestrui\u00e7\u00e3o, mas ainda n\u00e3o desenvolvemos uma consci\u00eancia universal que torne isso poss\u00edvel. Por isso, atrevo-me a propor de novo aquele consider\u00e1vel desafio: como nunca antes na hist\u00f3ria, o destino comum obriga-nos a procurar um novo in\u00edcio [&#8230;] Que o nosso seja um tempo que se recorde pelo despertar de uma nova rever\u00eancia perante a vida, pela firme resolu\u00e7\u00e3o de alcan\u00e7ar a sustentabilidade, pela intensifica\u00e7\u00e3o da luta em prol da justi\u00e7a e da paz e pela jubilosa celebra\u00e7\u00e3o da vida\u201d (207, enc\u00edclica Laudato Si).<\/p>\n<p style=\"text-align: justify;\">Concluindo, ressalta-se que um tipo diferenciado de economia social e humana, centrado em princ\u00edpios de respeito \u00e0 biosfera, portanto, longe da din\u00e2mica capitalista-consumista, somente ter\u00e1 credibilidade se o sentido que dermos \u00e0 economia estiver pautado na dupla finalidade de assegurar concomitantemente qualidade de vida e justi\u00e7a social aos povos.<\/p>\n<p style=\"text-align: justify;\">O pano de fundo, ademais, nos parece ser um s\u00f3: assegurar prote\u00e7\u00e3o\/cuidado \u00e0 Casa Comum, \u00e0 nossa Terra, morada dos humanos e de in\u00fameras formas de vida, para que assim a pr\u00f3pria din\u00e2mica da economia possa igualmente ser assegurada, a partir do uso irrevog\u00e1vel que faz da natureza, base e suporte do processo produtivo.<\/p>\n<p style=\"text-align: justify;\"><strong>Marcus Eduardo de Oliveira &#8211; Economista e ativista ambiental.<\/strong><br \/>\n E-mail: prof.marcuseduardo@bol.com.br<\/p>\n<p>&nbsp;<\/p>\n","protected":false},"excerpt":{"rendered":"<p>Insurgir-se contra o modelo de crescimento econ\u00f4mico dominante e, de igual modo, contra a no\u00e7\u00e3o de progresso baseada no sufocante consumismo desenfreado, uma vez que isso tem permitido elevar o grau de degrada\u00e7\u00e3o\/deple\u00e7\u00e3o ambiental, \u00e9 o premente desafio a ser<\/p>\n<p><a class=\"more-link\" href=\"https:\/\/cofecon.org.br\/cofecon\/?p=953\">Leia Mais<\/a><\/p>\n","protected":false},"author":1,"featured_media":0,"comment_status":"open","ping_status":"open","sticky":false,"template":"","format":"standard","meta":{"footnotes":""},"categories":[6],"tags":[],"class_list":["post-953","post","type-post","status-publish","format-standard","hentry","category-artigo"],"_links":{"self":[{"href":"https:\/\/cofecon.org.br\/cofecon\/index.php?rest_route=\/wp\/v2\/posts\/953"}],"collection":[{"href":"https:\/\/cofecon.org.br\/cofecon\/index.php?rest_route=\/wp\/v2\/posts"}],"about":[{"href":"https:\/\/cofecon.org.br\/cofecon\/index.php?rest_route=\/wp\/v2\/types\/post"}],"author":[{"embeddable":true,"href":"https:\/\/cofecon.org.br\/cofecon\/index.php?rest_route=\/wp\/v2\/users\/1"}],"replies":[{"embeddable":true,"href":"https:\/\/cofecon.org.br\/cofecon\/index.php?rest_route=%2Fwp%2Fv2%2Fcomments&post=953"}],"version-history":[{"count":0,"href":"https:\/\/cofecon.org.br\/cofecon\/index.php?rest_route=\/wp\/v2\/posts\/953\/revisions"}],"wp:attachment":[{"href":"https:\/\/cofecon.org.br\/cofecon\/index.php?rest_route=%2Fwp%2Fv2%2Fmedia&parent=953"}],"wp:term":[{"taxonomy":"category","embeddable":true,"href":"https:\/\/cofecon.org.br\/cofecon\/index.php?rest_route=%2Fwp%2Fv2%2Fcategories&post=953"},{"taxonomy":"post_tag","embeddable":true,"href":"https:\/\/cofecon.org.br\/cofecon\/index.php?rest_route=%2Fwp%2Fv2%2Ftags&post=953"}],"curies":[{"name":"wp","href":"https:\/\/api.w.org\/{rel}","templated":true}]}}