{"id":950,"date":"2016-03-31T15:12:10","date_gmt":"2016-03-31T18:12:10","guid":{"rendered":"http:\/\/www.cofecon.org.br\/?p=950"},"modified":"2016-03-31T15:12:10","modified_gmt":"2016-03-31T18:12:10","slug":"a-queda-no-preco-do-petroleo-o-lado-positivo","status":"publish","type":"post","link":"https:\/\/cofecon.org.br\/cofecon\/?p=950","title":{"rendered":"Artigo &#8211; A queda no pre\u00e7o do petr\u00f3leo: o lado positivo"},"content":{"rendered":"<p style=\"text-align: justify;\">A recente brutal queda no pre\u00e7o do petr\u00f3leo, com negativas consequ\u00eancias \u00e0 economia dos pa\u00edses produtores, dentre os quais o Brasil, induz \u00e0 reflex\u00e3o consistente. N\u00e3o se desconhece a contribui\u00e7\u00e3o positiva da explora\u00e7\u00e3o do petr\u00f3leo \u00e0 economia dos pa\u00edses produtores. Todavia, a recente queda brutal sugere alguns questionamentos.<\/p>\n<p style=\"text-align: justify;\">1)\u00a0\u00a0 \u00a0O pre\u00e7o vai retornar aos n\u00edveis anteriores?<br \/>\n 2)\u00a0\u00a0 \u00a0Em quanto tempo isso ocorrer\u00e1?<br \/>\n 3)\u00a0\u00a0 \u00a0E se n\u00e3o ocorrer, como ficar\u00e3o afetados esses pa\u00edses produtores?<br \/>\n 4)\u00a0\u00a0 \u00a0O que esses pa\u00edses precisar\u00e3o fazer?<br \/>\n 5)\u00a0\u00a0 \u00a0Quais as alternativas?<\/p>\n<p style=\"text-align: justify;\">As respostas a estes questionamentos n\u00e3o s\u00e3o f\u00e1ceis. Mas precisam ser analisadas e debatidas pelos governantes e institui\u00e7\u00f5es desses pa\u00edses, cada um com suas caracter\u00edsticas.<\/p>\n<p style=\"text-align: justify;\">Uma situa\u00e7\u00e3o geral, que ningu\u00e9m desconhece, \u00e9 a riqueza desses recursos naturais e a crescente explora\u00e7\u00e3o que tem ocorrido nas \u00faltimas d\u00e9cadas, tanto pelas tecnologias de localiza\u00e7\u00e3o como de extra\u00e7\u00e3o. Aparentemente, \u00e9 um recurso enorme, valioso e inesgot\u00e1vel. Mas n\u00e3o \u00e9.<\/p>\n<p style=\"text-align: justify;\">A\u00ed, cada pais deve ter a consci\u00eancia\u00a0 de conduzir, de modo respons\u00e1vel, sua situa\u00e7\u00e3o. Risco maior que a queda do pre\u00e7o \u00e9 o pre\u00e7o da exaust\u00e3o que, mais cedo ou mais tarde, poder\u00e1 emergir.<\/p>\n<p style=\"text-align: justify;\">Cada Pa\u00eds tem suas caracter\u00edsticas e responsabilidades, n\u00e3o s\u00f3 economico-financeira\u00a0 como de sustentabilidade. Por isso, cada um ter\u00e1 seus meios e suas necessidades, mas todos t\u00eam uma responsabilidade b\u00e1sica que \u00e9 preservar a natureza e pensar nas gera\u00e7\u00f5es futuras. D\u00favidas e perguntas emanam na mente de cada ser respons\u00e1vel: se essas reservas naturais forem exauridas \u2013 no curto, m\u00e9dio ou longo prazo \u2013 como ficar\u00e3o as gera\u00e7\u00f5es futuras?\u00a0 Quais as consequ\u00eancias para a natureza e a vida humana? Porque a \u00e1gua do mar est\u00e1 elevando sua temperatura?<\/p>\n<p style=\"text-align: justify;\">O n\u00facleo da terra \u00e9 um caldeir\u00e3o fervente. As reservas naturais \u2013 \u00e1gua, petr\u00f3leo, minerais e florestas \u2013 ajudam a moderar essa temperatura. A\u00ed cabe perguntar:\u00a0 Se extra\u00eddas todas essas reservas de petr\u00f3leo como ficar\u00e1 a temperatura do ambiente ? Essas perguntas, que parecem ing\u00eanuas, merecem mais aten\u00e7\u00e3o e exigem a opini\u00e3o de especialistas. Alguns pa\u00edses s\u00e3o totalmente dependentes dos recursos dessas explora\u00e7\u00f5es mas outros n\u00e3o. Neste caso se situa o Brasil. N\u00e3o se desconhece a contribui\u00e7\u00e3o para a economia, mas n\u00e3o se pode ficar escravo de sua explora\u00e7\u00e3o. Com sua imensa \u00e1rea geogr\u00e1fica, litoral, terra f\u00e9rtil e outros, tem alto potencial para desenvolver agregando outros fatores. N\u00e3o que n\u00e3o explore \u2013 mas com responsabilidade \u2013 o petr\u00f3leo e outros minerais mas que isto seja feito n\u00e3o apenas pela gan\u00e2ncia econ\u00f4mica.\u00a0 Contentar-se em explorar apenas recursos prim\u00e1rios \u00e9 contribuir apenas para o crescimento, n\u00e3o para o desenvolvimento. Sobrevoando Minas Gerais pode-se ter uma imagem\u00a0 das consequ\u00eancias da explora\u00e7\u00e3o ambiciosa dos minerais nos s\u00e9culos passados.<\/p>\n<p style=\"text-align: justify;\">Que o Pa\u00eds se concentre na capacita\u00e7\u00e3o para agregar valor, explorando os recursos naturais com modera\u00e7\u00e3o e no necess\u00e1rio para industrializar.<\/p>\n<p style=\"text-align: justify;\">A educa\u00e7\u00e3o, a tecnologia e a integra\u00e7\u00e3o poder\u00e3o permitir que se desenvolva com maior consist\u00eancia e que, com responsabilidade, se explorem em menor n\u00edvel os recursos naturais, possibilitando sua sobreviv\u00eancia tamb\u00e9m \u00e0s gera\u00e7\u00f5es futuras. Isso contribuir\u00e1 n\u00e3o somente ao crescimento mas, tamb\u00e9m ao desenvolvimento.<\/p>\n<p style=\"text-align: justify;\">Esse panorama exige postura eficaz n\u00e3o s\u00f3 das empresas\u00a0 mineradoras como, tamb\u00e9m, do governo(executivo, legislativo e judici\u00e1rio), criando e cobrando leis adequadas, bem como das pessoas que ajudem a acompanhar e denunciar transgress\u00f5es.<\/p>\n<p style=\"text-align: justify;\">Note bem, n\u00e3o estou falando em n\u00e3o explorar o petr\u00f3leo e os demais recursos. Estou falando em fazer isso com parcim\u00f4nia e responsabilidade, preocupado tamb\u00e9m com as gera\u00e7\u00f5es futuras.<\/p>\n<p style=\"text-align: justify;\"><strong>Humberto Dalsasso &#8211; \u00a0Economista, Consultor Empresarial de Alta Gest\u00e3o<\/strong><\/p>\n","protected":false},"excerpt":{"rendered":"<p>A recente brutal queda no pre\u00e7o do petr\u00f3leo, com negativas consequ\u00eancias \u00e0 economia dos pa\u00edses produtores, dentre os quais o Brasil, induz \u00e0 reflex\u00e3o consistente. N\u00e3o se desconhece a contribui\u00e7\u00e3o positiva da explora\u00e7\u00e3o do petr\u00f3leo \u00e0 economia dos pa\u00edses produtores.<\/p>\n<p><a class=\"more-link\" href=\"https:\/\/cofecon.org.br\/cofecon\/?p=950\">Leia Mais<\/a><\/p>\n","protected":false},"author":1,"featured_media":0,"comment_status":"open","ping_status":"open","sticky":false,"template":"","format":"standard","meta":{"footnotes":""},"categories":[6],"tags":[],"class_list":["post-950","post","type-post","status-publish","format-standard","hentry","category-artigo"],"_links":{"self":[{"href":"https:\/\/cofecon.org.br\/cofecon\/index.php?rest_route=\/wp\/v2\/posts\/950"}],"collection":[{"href":"https:\/\/cofecon.org.br\/cofecon\/index.php?rest_route=\/wp\/v2\/posts"}],"about":[{"href":"https:\/\/cofecon.org.br\/cofecon\/index.php?rest_route=\/wp\/v2\/types\/post"}],"author":[{"embeddable":true,"href":"https:\/\/cofecon.org.br\/cofecon\/index.php?rest_route=\/wp\/v2\/users\/1"}],"replies":[{"embeddable":true,"href":"https:\/\/cofecon.org.br\/cofecon\/index.php?rest_route=%2Fwp%2Fv2%2Fcomments&post=950"}],"version-history":[{"count":0,"href":"https:\/\/cofecon.org.br\/cofecon\/index.php?rest_route=\/wp\/v2\/posts\/950\/revisions"}],"wp:attachment":[{"href":"https:\/\/cofecon.org.br\/cofecon\/index.php?rest_route=%2Fwp%2Fv2%2Fmedia&parent=950"}],"wp:term":[{"taxonomy":"category","embeddable":true,"href":"https:\/\/cofecon.org.br\/cofecon\/index.php?rest_route=%2Fwp%2Fv2%2Fcategories&post=950"},{"taxonomy":"post_tag","embeddable":true,"href":"https:\/\/cofecon.org.br\/cofecon\/index.php?rest_route=%2Fwp%2Fv2%2Ftags&post=950"}],"curies":[{"name":"wp","href":"https:\/\/api.w.org\/{rel}","templated":true}]}}