{"id":947,"date":"2016-03-30T15:09:39","date_gmt":"2016-03-30T18:09:39","guid":{"rendered":"http:\/\/www.cofecon.org.br\/?p=947"},"modified":"2016-03-30T15:09:39","modified_gmt":"2016-03-30T18:09:39","slug":"corecon-pe-consegue-a-retificacao-de-edital-de-concurso-publico","status":"publish","type":"post","link":"https:\/\/cofecon.org.br\/cofecon\/?p=947","title":{"rendered":"Corecon-PE consegue a retifica\u00e7\u00e3o de edital de concurso p\u00fablico"},"content":{"rendered":"<p style=\"text-align: justify;\"><img loading=\"lazy\" decoding=\"async\" class=\"size-medium wp-image-948 alignleft\" src=\"http:\/\/www.cofecon.org.br\/wp-content\/uploads\/2017\/06\/29-300x171.jpg\" alt=\"\" width=\"300\" height=\"171\" srcset=\"https:\/\/cofecon.org.br\/cofecon\/wp-content\/uploads\/2017\/06\/29-300x171.jpg 300w, https:\/\/cofecon.org.br\/cofecon\/wp-content\/uploads\/2017\/06\/29.jpg 679w\" sizes=\"(max-width: 300px) 100vw, 300px\" \/>O Conselho Regional de Economia de Pernambuco (Corecon-PE) conseguiu a retifica\u00e7\u00e3o do edital de concurso p\u00fablico da Prefeitura Municipal de Carpina (PE) para provimento de vagas para o cargo de T\u00e9cnico em Controle Interno. A autarquia encaminhou of\u00edcio \u00e0 Conpass Concursos P\u00fablicos e Assessorias, empresa organizadora da sele\u00e7\u00e3o, solicitando a inclus\u00e3o da forma\u00e7\u00e3o em Ci\u00eancias Econ\u00f4micas na qualifica\u00e7\u00e3o para o cargo.<\/p>\n<p style=\"text-align: justify;\">O edital previa que apenas os graduados em Ci\u00eancias Cont\u00e1beis, Direito e Administra\u00e7\u00e3o estariam aptos a participar do certame. Com amparo nas diretrizes da Consolida\u00e7\u00e3o da Legisla\u00e7\u00e3o da Profiss\u00e3o de Economista, do Conselho Federal de Economia (Cofecon), o Corecon-PE provou que a forma\u00e7\u00e3o dos economistas abrange plenamente a execu\u00e7\u00e3o sum\u00e1ria das atribui\u00e7\u00f5es do cargo exigido pelo edital.<\/p>\n<p style=\"text-align: justify;\">Com a retifica\u00e7\u00e3o, o prazo para inscri\u00e7\u00f5es foi prorrogado at\u00e9 o dia 7 de abril e o pagamento dos boletos referentes \u00e0s taxas de inscri\u00e7\u00e3o pode ser feito at\u00e9 dia 8 de abril. Mais informa\u00e7\u00f5es no site <a href=\"http:\/\/www.conpass.com.br\">www.conpass.com.br<\/a><\/p>\n","protected":false},"excerpt":{"rendered":"<p>O Conselho Regional de Economia de Pernambuco (Corecon-PE) conseguiu a retifica\u00e7\u00e3o do edital de concurso p\u00fablico da Prefeitura Municipal de Carpina (PE) para provimento de vagas para o cargo de T\u00e9cnico em Controle Interno. A autarquia encaminhou of\u00edcio \u00e0 Conpass<\/p>\n<p><a class=\"more-link\" href=\"https:\/\/cofecon.org.br\/cofecon\/?p=947\">Leia Mais<\/a><\/p>\n","protected":false},"author":1,"featured_media":0,"comment_status":"open","ping_status":"open","sticky":false,"template":"","format":"standard","meta":{"footnotes":""},"categories":[2],"tags":[],"class_list":["post-947","post","type-post","status-publish","format-standard","hentry","category-noticias"],"_links":{"self":[{"href":"https:\/\/cofecon.org.br\/cofecon\/index.php?rest_route=\/wp\/v2\/posts\/947"}],"collection":[{"href":"https:\/\/cofecon.org.br\/cofecon\/index.php?rest_route=\/wp\/v2\/posts"}],"about":[{"href":"https:\/\/cofecon.org.br\/cofecon\/index.php?rest_route=\/wp\/v2\/types\/post"}],"author":[{"embeddable":true,"href":"https:\/\/cofecon.org.br\/cofecon\/index.php?rest_route=\/wp\/v2\/users\/1"}],"replies":[{"embeddable":true,"href":"https:\/\/cofecon.org.br\/cofecon\/index.php?rest_route=%2Fwp%2Fv2%2Fcomments&post=947"}],"version-history":[{"count":0,"href":"https:\/\/cofecon.org.br\/cofecon\/index.php?rest_route=\/wp\/v2\/posts\/947\/revisions"}],"wp:attachment":[{"href":"https:\/\/cofecon.org.br\/cofecon\/index.php?rest_route=%2Fwp%2Fv2%2Fmedia&parent=947"}],"wp:term":[{"taxonomy":"category","embeddable":true,"href":"https:\/\/cofecon.org.br\/cofecon\/index.php?rest_route=%2Fwp%2Fv2%2Fcategories&post=947"},{"taxonomy":"post_tag","embeddable":true,"href":"https:\/\/cofecon.org.br\/cofecon\/index.php?rest_route=%2Fwp%2Fv2%2Ftags&post=947"}],"curies":[{"name":"wp","href":"https:\/\/api.w.org\/{rel}","templated":true}]}}