{"id":942,"date":"2016-03-29T15:05:56","date_gmt":"2016-03-29T18:05:56","guid":{"rendered":"http:\/\/www.cofecon.org.br\/?p=942"},"modified":"2016-03-29T15:05:56","modified_gmt":"2016-03-29T18:05:56","slug":"corecon-es-desenvolve-projeto-nas-escolas-do-estado","status":"publish","type":"post","link":"https:\/\/cofecon.org.br\/cofecon\/?p=942","title":{"rendered":"Corecon-ES desenvolve projeto nas escolas do estado"},"content":{"rendered":"<p style=\"text-align: justify;\"><img loading=\"lazy\" decoding=\"async\" class=\"size-medium wp-image-943 alignleft\" src=\"http:\/\/www.cofecon.org.br\/wp-content\/uploads\/2017\/06\/28-300x171.jpg\" alt=\"\" width=\"300\" height=\"171\" srcset=\"https:\/\/cofecon.org.br\/cofecon\/wp-content\/uploads\/2017\/06\/28-300x171.jpg 300w, https:\/\/cofecon.org.br\/cofecon\/wp-content\/uploads\/2017\/06\/28.jpg 679w\" sizes=\"(max-width: 300px) 100vw, 300px\" \/>O Conselho Regional de Economia do Esp\u00edrito Santo (Corecon-ES) est\u00e1 se aproximando dos jovens do Ensino M\u00e9dio para falar sobre a import\u00e2ncia da profiss\u00e3o de economista. Para isso, foi lan\u00e7ado o projeto \u201cCorecon nas escolas\u201d. O projeto visa levar conhecimentos sobre o curso de Ci\u00eancias Econ\u00f4micas a alunos de 18 escolas p\u00fablicas e privadas do Esp\u00edrito Santo, de mar\u00e7o a novembro.<\/p>\n<p style=\"text-align: justify;\">As palestras t\u00eam 40 minutos de dura\u00e7\u00e3o e nelas s\u00e3o abordadas quest\u00f5es profissionais, mercado de trabalho, al\u00e9m de criar um espa\u00e7o para tirar d\u00favidas dos alunos. O projeto \u00e9 coordenado pelo conselheiro regional Ricardo Paix\u00e3o. O primeiro encontro aconteceu na Escola Estadual Almirante Barroso, em Goiabeiras, Vit\u00f3ria, no dia 28 de mar\u00e7o. Para o m\u00eas de abril, o Corecon-ES est\u00e1 agendando duas palestras em outras escolas do estado.<\/p>\n<p style=\"text-align: justify;\">O sucesso foi t\u00e3o grande que outros Corecons do Pa\u00eds solicitaram o projeto capixaba para ser utilizado como modelo em outras cidades. O presidente do Corecon-ES,\u00a0Eduardo Ara\u00fajo, est\u00e1 muito satisfeito com a repercuss\u00e3o do projeto e espera assim ampliar a procura pelo curso de Ci\u00eancias Econ\u00f4micas no Estado do Esp\u00edrito Santo.<\/p>\n","protected":false},"excerpt":{"rendered":"<p>O Conselho Regional de Economia do Esp\u00edrito Santo (Corecon-ES) est\u00e1 se aproximando dos jovens do Ensino M\u00e9dio para falar sobre a import\u00e2ncia da profiss\u00e3o de economista. Para isso, foi lan\u00e7ado o projeto \u201cCorecon nas escolas\u201d. O projeto visa levar conhecimentos<\/p>\n<p><a class=\"more-link\" href=\"https:\/\/cofecon.org.br\/cofecon\/?p=942\">Leia Mais<\/a><\/p>\n","protected":false},"author":1,"featured_media":0,"comment_status":"open","ping_status":"open","sticky":false,"template":"","format":"standard","meta":{"footnotes":""},"categories":[2],"tags":[],"class_list":["post-942","post","type-post","status-publish","format-standard","hentry","category-noticias"],"_links":{"self":[{"href":"https:\/\/cofecon.org.br\/cofecon\/index.php?rest_route=\/wp\/v2\/posts\/942"}],"collection":[{"href":"https:\/\/cofecon.org.br\/cofecon\/index.php?rest_route=\/wp\/v2\/posts"}],"about":[{"href":"https:\/\/cofecon.org.br\/cofecon\/index.php?rest_route=\/wp\/v2\/types\/post"}],"author":[{"embeddable":true,"href":"https:\/\/cofecon.org.br\/cofecon\/index.php?rest_route=\/wp\/v2\/users\/1"}],"replies":[{"embeddable":true,"href":"https:\/\/cofecon.org.br\/cofecon\/index.php?rest_route=%2Fwp%2Fv2%2Fcomments&post=942"}],"version-history":[{"count":0,"href":"https:\/\/cofecon.org.br\/cofecon\/index.php?rest_route=\/wp\/v2\/posts\/942\/revisions"}],"wp:attachment":[{"href":"https:\/\/cofecon.org.br\/cofecon\/index.php?rest_route=%2Fwp%2Fv2%2Fmedia&parent=942"}],"wp:term":[{"taxonomy":"category","embeddable":true,"href":"https:\/\/cofecon.org.br\/cofecon\/index.php?rest_route=%2Fwp%2Fv2%2Fcategories&post=942"},{"taxonomy":"post_tag","embeddable":true,"href":"https:\/\/cofecon.org.br\/cofecon\/index.php?rest_route=%2Fwp%2Fv2%2Ftags&post=942"}],"curies":[{"name":"wp","href":"https:\/\/api.w.org\/{rel}","templated":true}]}}