{"id":937,"date":"2016-03-22T15:02:34","date_gmt":"2016-03-22T18:02:34","guid":{"rendered":"http:\/\/www.cofecon.org.br\/?p=937"},"modified":"2016-03-22T15:02:34","modified_gmt":"2016-03-22T18:02:34","slug":"vice-presidente-do-cofecon-participou-de-posse-da-nova-diretoria-do-coreconpr","status":"publish","type":"post","link":"https:\/\/cofecon.org.br\/cofecon\/?p=937","title":{"rendered":"Vice-presidente do Cofecon participou de posse da nova diretoria do CoreconPR"},"content":{"rendered":"<p style=\"text-align: justify;\"><img loading=\"lazy\" decoding=\"async\" class=\"size-medium wp-image-938 alignleft\" src=\"http:\/\/www.cofecon.org.br\/wp-content\/uploads\/2017\/06\/27-300x171.jpg\" alt=\"\" width=\"300\" height=\"171\" srcset=\"https:\/\/cofecon.org.br\/cofecon\/wp-content\/uploads\/2017\/06\/27-300x171.jpg 300w, https:\/\/cofecon.org.br\/cofecon\/wp-content\/uploads\/2017\/06\/27.jpg 679w\" sizes=\"(max-width: 300px) 100vw, 300px\" \/>O economista e vice-presidente do Conselho Federal de Economia, Odisnei B\u00e9ga, participou da solenidade de posse da nova diretoria do Conselho Regional de Economia do Paran\u00e1 (CoreconPR), que tem na presid\u00eancia o economista Eduardo Moreira Garcia, e na vice-presid\u00eancia o economista Celso Bernardo, al\u00e9m dos conselheiros que representam a renova\u00e7\u00e3o de um ter\u00e7o dos membros. A cerim\u00f4nia, realizada no dia 18 de mar\u00e7o na EBS Business School, contemplou tamb\u00e9m a\u00a0posse\u00a0do Corecon Acad\u00eamico Paran\u00e1, formado por estudantes de economia. Convidados, autoridades e membros da entidade acompanharam a solenidade e depois foram recepcionados com um coquetel.<\/p>\n<p style=\"text-align: justify;\">A escolha do presidente e seu vice, para conduzir\u00a0o CoreconPR na gest\u00e3o de 2016, foi feita durante a 1\u00aa Reuni\u00e3o Extraordin\u00e1ria do ano, realizada no dia 7 de janeiro, quando elegeu, em chapa \u00fanica, os economistas Eduardo Garcia e Celso Bernardo, respectivamente. O Corecon Acad\u00eamico Paran\u00e1 definiu no mesmo dia a escolha do presidente e vice-presidente que passam conduzir este conselho formado por acad\u00eamicos. Em chapa \u00fanica, foram eleitos o estudante do curso de economia da PUCPR, Gian Carlos Magalh\u00e3es e a estudante de economia da UFFS, Let\u00edcia Loana da Cunha. Eles presidem a gest\u00e3o de 2016.<\/p>\n<p style=\"text-align: justify;\"><strong>Conselheiros do CoreconPR<\/strong><\/p>\n<p style=\"text-align: justify;\">Na solenidade oficial de\u00a0posse, foram apresentados os Conselheiros Efetivos e Suplentes que representam um ter\u00e7o (2016 a 2018) do CORECONPR. S\u00e3o os Efetivos: Celso Bernardo, Marcos Kruse e Maria de F\u00e1tima Miranda. Para Suplentes: Angela Broch, Claudio Santana Shimoyama e Elhana Maria Moreira Marcelino Farias.<\/p>\n<p style=\"text-align: justify;\"><strong>Conselheiros do Corecon Acad\u00eamico Paran\u00e1<\/strong><\/p>\n<p style=\"text-align: justify;\">Foram nomeados como conselheiros efetivos, para a gest\u00e3o 2016, os estudantes Gessica Cristiane dos Santos Dias(Unioeste\/ Cascavel), Gustavo Henrique Berte Sim\u00f5es Gapski (Unioeste\/ Cascavel), Leonardo Jos\u00e9 Oliveira e Silva Rosalem (UENP\/Corn\u00ealio Proc\u00f3pio), Rafael Ninno Iseri (UEM\/Maring\u00e1),\u00a0Let\u00edcia Loana da Cunha (UFFS\/Laranjeiras do Sul)\u00a0e Welligton Zachytko Vitti (UNESPAR\/Campo Mour\u00e3o). O mandato de 2016 a 2017, como Conselheiro Efetivos ser\u00e1 exercido pelos acad\u00eamicos Debora Alice Coelho (UFFS\/ Laranjeiras do Sul), Gian Carlos Magalh\u00e3es (PUCPR), Jo\u00e3o Daniel Poli (UNIOESTE\/Cascavel), Lauro Alberto Pens de Azevedo (UFPR), Let\u00edcia Fernandes (UENP\/Corn\u00e9lio Proc\u00f3pio) e Rodrigo Surek de Souza (UEL\/Londrina).<\/p>\n<p style=\"text-align: justify;\">Os conselheiros suplentes para o mandato 2016 s\u00e3o Alisson Fernando Prates (UNIOESTE\/Cascavel), Christian Messias da Silva (UP), Gisele Teotonio Alvarenga (UENP\/Corn\u00e9lio), Mariana Pereira Bonini (UNESPAR\/ Campo Mour\u00e3o), Mauricio Colin (UP) e Patr\u00edcia Mayumi Ono (UEM). J\u00e1, para o mandato 2016 e 2017, os Conselheiros Suplentes s\u00e3o: Alexandre Pires Prochmann(UFPR), Ana Carolina Fernandes Alves (Unioeste\/ Cascavel), Jhonatan Tiago Gon\u00e7alves Fernandes\u00a0\u00a0(UP), D\u00e9bora Alice Coelho (UFFS\/Laranjeiras do Sul), Josemary Sime Ferreira (FAE) e Lenardo Morettini e Castela (PUCPR).<\/p>\n","protected":false},"excerpt":{"rendered":"<p>O economista e vice-presidente do Conselho Federal de Economia, Odisnei B\u00e9ga, participou da solenidade de posse da nova diretoria do Conselho Regional de Economia do Paran\u00e1 (CoreconPR), que tem na presid\u00eancia o economista Eduardo Moreira Garcia, e na vice-presid\u00eancia o<\/p>\n<p><a class=\"more-link\" href=\"https:\/\/cofecon.org.br\/cofecon\/?p=937\">Leia Mais<\/a><\/p>\n","protected":false},"author":1,"featured_media":0,"comment_status":"open","ping_status":"open","sticky":false,"template":"","format":"standard","meta":{"footnotes":""},"categories":[2],"tags":[],"class_list":["post-937","post","type-post","status-publish","format-standard","hentry","category-noticias"],"_links":{"self":[{"href":"https:\/\/cofecon.org.br\/cofecon\/index.php?rest_route=\/wp\/v2\/posts\/937"}],"collection":[{"href":"https:\/\/cofecon.org.br\/cofecon\/index.php?rest_route=\/wp\/v2\/posts"}],"about":[{"href":"https:\/\/cofecon.org.br\/cofecon\/index.php?rest_route=\/wp\/v2\/types\/post"}],"author":[{"embeddable":true,"href":"https:\/\/cofecon.org.br\/cofecon\/index.php?rest_route=\/wp\/v2\/users\/1"}],"replies":[{"embeddable":true,"href":"https:\/\/cofecon.org.br\/cofecon\/index.php?rest_route=%2Fwp%2Fv2%2Fcomments&post=937"}],"version-history":[{"count":0,"href":"https:\/\/cofecon.org.br\/cofecon\/index.php?rest_route=\/wp\/v2\/posts\/937\/revisions"}],"wp:attachment":[{"href":"https:\/\/cofecon.org.br\/cofecon\/index.php?rest_route=%2Fwp%2Fv2%2Fmedia&parent=937"}],"wp:term":[{"taxonomy":"category","embeddable":true,"href":"https:\/\/cofecon.org.br\/cofecon\/index.php?rest_route=%2Fwp%2Fv2%2Fcategories&post=937"},{"taxonomy":"post_tag","embeddable":true,"href":"https:\/\/cofecon.org.br\/cofecon\/index.php?rest_route=%2Fwp%2Fv2%2Ftags&post=937"}],"curies":[{"name":"wp","href":"https:\/\/api.w.org\/{rel}","templated":true}]}}