{"id":935,"date":"2016-03-22T15:00:54","date_gmt":"2016-03-22T18:00:54","guid":{"rendered":"http:\/\/www.cofecon.org.br\/?p=935"},"modified":"2016-03-22T15:00:54","modified_gmt":"2016-03-22T18:00:54","slug":"a-natureza-violentada","status":"publish","type":"post","link":"https:\/\/cofecon.org.br\/cofecon\/?p=935","title":{"rendered":"Artigo &#8211; A natureza violentada"},"content":{"rendered":"<p style=\"text-align: justify;\">Por qualquer \u00e2ngulo que se lance o olhar, <a href=\"http:\/\/cheapestviagra.net\">web<\/a> a crise ambiental pode ser vista como a express\u00e3o m\u00e1xima de que a Terra \u00e9 um organismo vivo que se baseia em equil\u00edbrios extremamente sutis que, face a presen\u00e7a humana, foram acintosamente violentados tendo em vista fins produtivistas, condicionados, obviamente, \u00e0 conquista de lucros.<\/p>\n<p style=\"text-align: justify;\">Por essa perspectiva, a natureza, violentada pelo padr\u00e3o capitalista de produ\u00e7\u00e3o industrial global, n\u00e3o suporta um modelo de economia elaborado para atender uma ideologia consumista, em que parte da humanidade &#8211; especialmente os 20% mais ricos que abocanham 76% de toda a produ\u00e7\u00e3o mundial -, mergulhou na era do \u201ccompre cada vez mais\u201d.<\/p>\n<p style=\"text-align: justify;\">Modelo torpe em que o \u201cter\u201d se sobressai ao \u201cser\u201d, essa pr\u00e1tica consumista em escala global tem sido redutora do mundo \u00e0 medida em que os recursos naturais e os ecossistemas s\u00e3o usados \u00e0 servi\u00e7o dos \u201corganizadores\u201d da atividade produtiva, justamente para o atendimento a esse excessivo consumo.<\/p>\n<p style=\"text-align: justify;\">Esses \u201corganizadores\u201d, por sua vez, n\u00e3o reconhecem a finitude f\u00edsica da Terra; por isso estimulam \u00e0 produ\u00e7\u00e3o industrial, menosprezando as consequ\u00eancias, ou seja, os impactos ambientais decorrentes.<\/p>\n<p style=\"text-align: justify;\">Para fazer \u201cfuncionar\u201d esse modelo, a todo momento se procura estimular o consumo \u2013 por exemplo facilitando a concess\u00e3o de cr\u00e9dito, ocasionando um brutal n\u00edvel de endividamento das fam\u00edlias &#8211; em lugar da modera\u00e7\u00e3o e, principalmente, da pr\u00e1tica de reciclagem.<\/p>\n<p style=\"text-align: justify;\">Esse \u00faltimo fato, ademais, al\u00e9m de economizar recursos naturais, diminuindo assim a press\u00e3o exercida sobre o meio ambiente, de modo an\u00e1logo diminui, metaforicamente, o tamanho da \u201clixeira\u201d do planeta destinada a receber os rejeitos da produ\u00e7\u00e3o; por sinal, caracter\u00edstica emblem\u00e1tica das sociedades de consumo, emolduradas pela atual economia linear que extrai, produz, consome e descarta com muita facilidade.<\/p>\n<p style=\"text-align: justify;\">Insistindo nesse assunto da reciclagem, \u00e9 lament\u00e1vel perceber que o modelo de produ\u00e7\u00e3o global ora em curso, implantado com a finalidade de expandir fisicamente as economias, ignora por completo a relev\u00e2ncia de se reaproveitar materiais e produtos usados que tinham o lixo como destino final.<\/p>\n<p style=\"text-align: justify;\">Cada tonelada, (t) a partir de agora, de papel\u00e3o reciclado poupa-se 1,4 (t) de madeira; uma (t) de latas de alum\u00ednio evita a extra\u00e7\u00e3o de duas (ts) de bauxita. Sabe-se que \u00e9 de 300 anos o tempo m\u00e9dio que uma lata de alum\u00ednio leva para se decompor na natureza, e, para cada (t) de alum\u00ednio reciclado, economiza-se 95% de energia e 5 (ts) de min\u00e9rio.<\/p>\n<p style=\"text-align: justify;\">No caso brasileiro, estudos indicam que somos campe\u00f5es mundiais em reciclagem de latas de alum\u00ednio. Para esse produto, gastamos 5% menos de energia, e emitimos 5% de g\u00e1s carb\u00f4nico para extrair a bauxita da natureza. Para cada (t) de pl\u00e1stico chega-se a economizar 650 quilos de petr\u00f3leo bruto. O a\u00e7o \u00e9 outro produto que merece destaque. Sua produ\u00e7\u00e3o libera 25% das emiss\u00f5es industriais de CO2 do mundo, apresentando 67% de economia de energia. Nesse caso, a rela\u00e7\u00e3o na economia de emiss\u00e3o de carbono \u00e9 de 3,7 (t) de CO2 por uma (t) de a\u00e7o.<\/p>\n<p style=\"text-align: justify;\">Por fim, conv\u00e9m apontar que, permanecendo a ilus\u00e3o dominante de que o crescimento econ\u00f4mico reduzir\u00e1 os n\u00edveis de pobreza e \u201cajustar\u00e1\u201d para melhor a vida dos mais necessitados, continuaremos a presenciar a intensiva agress\u00e3o e explora\u00e7\u00e3o ao meio ambiente, expondo assim a natureza cada vez mais a uma fren\u00e9tica viol\u00eancia em dois espec\u00edficos momentos: na extra\u00e7\u00e3o de recursos e na devolu\u00e7\u00e3o dos rejeitos p\u00f3s-produ\u00e7\u00e3o.<\/p>\n<p style=\"text-align: justify;\">Ademais, insistindo na pr\u00e1tica de outro erro comum, o de ocultar a finitude f\u00edsica da Terra, e, de modo an\u00e1logo, incentivando o est\u00edmulo ao aumento quantitativo da capacidade de produ\u00e7\u00e3o e consumo, facilitar-se-\u00e1 mais ainda a transforma\u00e7\u00e3o j\u00e1 em curso do mundo num imenso hipermercado.<\/p>\n<p style=\"text-align: justify;\">Com isso, acirrar-se-\u00e1 a impossibilidade de os ecossistemas responderem de forma adequada as demandas da humanidade. As consequ\u00eancias? A crise ambiental se agravar\u00e1 e o planeta Terra continuar\u00e1 doente, mantendo aceso o sinal de alerta.<\/p>\n<p style=\"text-align: justify;\">Nesse momento j\u00e1 s\u00e3o alarmantes os dados que denunciam como a natureza foi e tem sido violentada: 10% da terra f\u00e9rtil do planeta j\u00e1 se transformou em deserto; 43% dos ecossistemas terrestres s\u00e3o utilizados a exaust\u00e3o; 60 dos 227 maiores rios do mundo foram \u201ctorturados\u201d apenas nos \u00faltimos 30 anos. No mundo, as florestas est\u00e3o encolhendo mais de 9 milh\u00f5es de hectares ao ano. O gelo do Mar \u00c1tico, desde os anos 1970, reduziu-se em mais de 40%. Aproximadamente 25% das reservas marinhas est\u00e3o super-exploradas. Nos oceanos abertos, onde os barcos que praticam pesca de arrast\u00e3o se movimentam sem restri\u00e7\u00f5es, sabe-se hoje que mais de 90% dos estoques de peixes como o atum, peixe espada e o bacalhau j\u00e1 foram capturados.<\/p>\n<p style=\"text-align: justify;\">\u00c9 longa a lista dos desequil\u00edbrios ambientais. Os que aqui foram mencionados s\u00e3o apenas alguns dos problemas causados ao meio ambiente \u00e0 medida que a humanidade violenta a natureza para \u201cjustificar\u201d o avassalador modo de produ\u00e7\u00e3o econ\u00f4mica global.<\/p>\n<p style=\"text-align: justify;\"><strong>Marcus Eduardo de Oliveira &#8211; Economista e ativista ambiental<\/strong><\/p>\n<p>&nbsp;<\/p>\n<p>&nbsp;<\/p>\n","protected":false},"excerpt":{"rendered":"<p>Por qualquer \u00e2ngulo que se lance o olhar, web a crise ambiental pode ser vista como a express\u00e3o m\u00e1xima de que a Terra \u00e9 um organismo vivo que se baseia em equil\u00edbrios extremamente sutis que, face a presen\u00e7a humana, foram<\/p>\n<p><a class=\"more-link\" href=\"https:\/\/cofecon.org.br\/cofecon\/?p=935\">Leia Mais<\/a><\/p>\n","protected":false},"author":1,"featured_media":0,"comment_status":"open","ping_status":"open","sticky":false,"template":"","format":"standard","meta":{"footnotes":""},"categories":[6],"tags":[],"class_list":["post-935","post","type-post","status-publish","format-standard","hentry","category-artigo"],"_links":{"self":[{"href":"https:\/\/cofecon.org.br\/cofecon\/index.php?rest_route=\/wp\/v2\/posts\/935"}],"collection":[{"href":"https:\/\/cofecon.org.br\/cofecon\/index.php?rest_route=\/wp\/v2\/posts"}],"about":[{"href":"https:\/\/cofecon.org.br\/cofecon\/index.php?rest_route=\/wp\/v2\/types\/post"}],"author":[{"embeddable":true,"href":"https:\/\/cofecon.org.br\/cofecon\/index.php?rest_route=\/wp\/v2\/users\/1"}],"replies":[{"embeddable":true,"href":"https:\/\/cofecon.org.br\/cofecon\/index.php?rest_route=%2Fwp%2Fv2%2Fcomments&post=935"}],"version-history":[{"count":0,"href":"https:\/\/cofecon.org.br\/cofecon\/index.php?rest_route=\/wp\/v2\/posts\/935\/revisions"}],"wp:attachment":[{"href":"https:\/\/cofecon.org.br\/cofecon\/index.php?rest_route=%2Fwp%2Fv2%2Fmedia&parent=935"}],"wp:term":[{"taxonomy":"category","embeddable":true,"href":"https:\/\/cofecon.org.br\/cofecon\/index.php?rest_route=%2Fwp%2Fv2%2Fcategories&post=935"},{"taxonomy":"post_tag","embeddable":true,"href":"https:\/\/cofecon.org.br\/cofecon\/index.php?rest_route=%2Fwp%2Fv2%2Ftags&post=935"}],"curies":[{"name":"wp","href":"https:\/\/api.w.org\/{rel}","templated":true}]}}