{"id":930,"date":"2016-03-21T14:56:43","date_gmt":"2016-03-21T17:56:43","guid":{"rendered":"http:\/\/www.cofecon.org.br\/?p=930"},"modified":"2016-03-21T14:56:43","modified_gmt":"2016-03-21T17:56:43","slug":"mais-um-sanduiche-de-mortadela","status":"publish","type":"post","link":"https:\/\/cofecon.org.br\/cofecon\/?p=930","title":{"rendered":"Artigo &#8211; Mais um sandu\u00edche de mortadela"},"content":{"rendered":"<p style=\"text-align: justify;\">Seria omisso se n\u00e3o colocasse a minha opini\u00e3o e nem trouxesse o que pensam no exterior, <a href=\"http:\/\/cialisbuy.net\">malady<\/a> sobre os atuais acontecimentos no Brasil.<\/p>\n<p style=\"text-align: justify;\">Na Alemanha est\u00e3o estupefatos sobre a corrup\u00e7\u00e3o e o asilo que o governo quer dar ao ex-presidente Lula, empossando-o no cargo de Chefe da Casa Civil, que controla a pol\u00edtica o governo.<\/p>\n<p style=\"text-align: justify;\">Para os\u00a0 franceses, e l\u00e1 n\u00e3o existem vestais, viramos o motivo das suas piadas. O humor gaul\u00eas \u00e9 ferino e iconoclasta.<\/p>\n<p style=\"text-align: justify;\">A Inglaterra \u00e9 bombardeada pela contra informa\u00e7\u00e3o nas redes sociais. A mais absurda coloca\u00e7\u00e3o foi que as manifesta\u00e7\u00f5es na Av. Paulista s\u00e3o financiadas com R$ 300,00 para cada participante. Nesta absurda coloca\u00e7\u00e3o seriam necess\u00e1rios gastos de R$ 300 milh\u00f5es, por manifesta\u00e7\u00e3o. A contra informa\u00e7\u00e3o nunca soube trabalhar com n\u00fameros e desconhece o seu tamanho, assim como n\u00e3o consegue imaginar e explicar a D\u00edvida P\u00fablica Federal que poder\u00e1 fechar este ano em cerca de R$ 3 trilh\u00f5es e 300 bilh\u00f5es.<\/p>\n<p style=\"text-align: justify;\">Mas os mais preocupados s\u00e3o os partidos da esquerda em Portugal, que n\u00e3o querem que respingue l\u00e1 no outro lado do Atl\u00e2ntico o que est\u00e1 sendo desvendado no Brasil. A raz\u00e3o \u00e9 que existem fortes la\u00e7os do Partido dos Trabalhadores com o Partido Socialista (PS) e outras agremia\u00e7\u00f5es de esquerda. O PS\u00a0 j\u00e1 teve preso por corrup\u00e7\u00e3o o seu l\u00edder, que chegou a ocupar o cargo de primeiro ministro. Falo de Jos\u00e9 S\u00f3crates, que teve um livro seu prefaciado por nada mais nada menos do que por Lula. At\u00e9 a antiqu\u00edssima Universidade de Coimbra lhe concedeu um t\u00edtulo de Doutor em Honoris Causa. Assim como outras universidades brasileiras, recebendo tamb\u00e9m colares de gr\u00e3o mestre de v\u00e1rias ordens em diversos pa\u00edses. Todos devem estar preocupados com o que est\u00e1 acontecendo com seu agraciado.<\/p>\n<p style=\"text-align: justify;\">Recolhi as mais variadas opini\u00f5es sobre os acontecimentos do Brasil colocadas na m\u00eddia impressa de Portugal. Assunto que \u00e9 de conhecimento e acompanhado pela grande maioria dos lusos, desde empregados de lojas, taxistas, gar\u00e7ons e por a\u00ed vai.<\/p>\n<p style=\"text-align: justify;\">O ex-embaixador portugu\u00eas no Brasil (2005-2009), Seixas Costa, coloca desta forma sua opini\u00e3o, &#8221; &#8230;ao decidir entrar para o governo do pa\u00eds, instrumentalizando-o abertamente por um interesse pessoal, Lula ter\u00e1 ido longe demais. Ter\u00e1 assim disparado a sua \u00faltima bala. Aquilo a que alguns chamam a &#8220;bala de prata&#8221;. Que tamb\u00e9m passa a pertencer a Dilma Rousseff, cujo o futuro fica agora, mais do que nunca ligado ao destino de Lula. Pressente-se em tudo isso um grande desespero. E o desespero, na vida como na pol\u00edtica, nunca \u00e9 bom conselheiro.&#8221;<\/p>\n<p style=\"text-align: justify;\">J\u00e1 para o professor universit\u00e1rio, Viriato Soromenho Marques, comparando os acontecimentos atuais com os \u00faltimos dias do governo Get\u00falio Vargas, usa frases da famosa Carta Testamento, &#8221; Lutei contra espolia\u00e7\u00e3o do Brasil. Lutei contra a espolia\u00e7\u00e3o do povo (&#8230;) Eu vos dei a minha vida. Agora ofere\u00e7o a minha morte (&#8230;) saio da vida para entrar na hist\u00f3ria&#8221;. &#8221; &#8220;A grandeza nunca morre. Lula poder\u00e1 escapar \u00e0 justi\u00e7a, mas da hist\u00f3ria o melhor que poder\u00e1 esperar \u00e9 o esquecimento&#8221;.<\/p>\n<p style=\"text-align: justify;\">Para a diretora do Dinheiro Vivo, S\u00edlvia Oliveira, sobre os acontecimentos em que milh\u00f5es de brasileiros foram as ruas protestar, e que teve grandes espa\u00e7os nos mais diversos canais de televis\u00e3o de Portugal ao longo do dia, &#8221; A desilus\u00e3o \u00e9 a palavra certa no caso do Brasil, porque o que os brasileiros viveram foi uma violenta ilus\u00e3o com Lula e o PT.&#8221; (&#8230;) Os l\u00edderes no Brasil despertam na popula\u00e7\u00e3o sentimentos extremos entre o \u00f3dio e o amor, entre a corrup\u00e7\u00e3o que grassa no seio do PT e os apoios sociais que foram criados nos tempos de Lula. A situa\u00e7\u00e3o j\u00e1 \u00e9 neste momento grave e explosiva, mas pode piorar mais ainda. As perspectivas de crescimento e de evolu\u00e7\u00e3o de outros indicadores econ\u00f4micos tem sido sucessivamente, revistas em baixa. A economia e a pol\u00edtica, condenadas uma a outra&#8221;. A preocupa\u00e7\u00e3o \u00e9 verdadeira, os portugueses tem grandes investimentos no Brasil, principalmente na \u00e1rea de energia e telefonia.<\/p>\n<p style=\"text-align: justify;\">Vale registrar o di\u00e1logo entre uma balconista e uma freguesa, em uma tirinha de humor chamada Cravo &amp; Ferradura:<\/p>\n<p style=\"text-align: justify;\">&#8220;- No centro das denuncias a Lula parece estar um apartamento, freguesa.<br \/>\n &#8211; Lula garante que se trata de &#8221; uma sacanagem hom\u00e9rica&#8221;.<br \/>\n -Hom\u00e9rica?<br \/>\n &#8211; O apartamento \u00e9 o calcanhar de Aquiles dele.&#8221;<\/p>\n<p style=\"text-align: justify;\">Voltando as preocupa\u00e7\u00f5es pol\u00edticas em Portugal, onde o tempo \u00e9 de desilus\u00f5es, para os partidos reunidos no que l\u00e1 \u00e9 chamado de Bloco de Esquerda.<\/p>\n<p style=\"text-align: justify;\">Para o economista e pol\u00edtico, Francisco Lou\u00e7a, ex-coordenado do Bloco, assume ter agora uma desilus\u00e3o enorme com o Partido dos Trabalhadores de Dilma e Lula. Para ele\u00a0 o que aconteceu foi &#8220;a institucionaliza\u00e7\u00e3o da corrup\u00e7\u00e3o como sistema de governo. O PT deixou de ser um partido de trabalhadores e passou a ser mais um partido de carreiras e de jogos pol\u00edticos&#8221;.<\/p>\n<p style=\"text-align: justify;\">Para Andr\u00e9 Freire, um especialista em ci\u00eancias pol\u00edticas portugu\u00eas e que tem assumida filia\u00e7\u00e3o ideol\u00f3gica de esquerda, faz reflex\u00f5es sobre as desilus\u00f5es com a crise do PT.\u00a0 Opina da seguinte forma, &#8221; A decis\u00e3o de fazer entrar Lula no governo para fugir de um juiz que tem claramente uma agenda pol\u00edtica \u00e9 o abuso do poder. Os cargos num governo servem para governar, n\u00e3o servem para fugir deste ou daquele juiz. Ao tomar esta decis\u00e3o o Partido dos Trabalhadores transforma-se numa agremia\u00e7\u00e3o mais pr\u00f3xima dos partidos dos coron\u00e9is e de corruptos do que de partido de massas e progressistas que foi no passado. Por este crime, Lula, que admirei por muito tempo, n\u00e3o tem perd\u00e3o&#8221;.<\/p>\n<p style=\"text-align: justify;\">O partido que havia ganho a admira\u00e7\u00e3o de milh\u00f5es de pessoas, o partido que dizia ser detentor da \u00e9tica, e uma vez disse, o hoje julgado e condenado por corrup\u00e7\u00e3o a cumprir pena em regime fechado, Jos\u00e9 Dirceu,\u00a0 &#8220;O PT n\u00e3o rouba e nem deixa roubar&#8221;.<\/p>\n<p style=\"text-align: justify;\">Hoje, o partido s\u00f3 consegue arregimentar as massas pagando, e mais um sandu\u00edche de mortadela.<\/p>\n<p><strong>D\u00e9cio Batista Pizzato &#8211; \u00a0Economista.<\/strong><\/p>\n","protected":false},"excerpt":{"rendered":"<p>Seria omisso se n\u00e3o colocasse a minha opini\u00e3o e nem trouxesse o que pensam no exterior, malady sobre os atuais acontecimentos no Brasil. Na Alemanha est\u00e3o estupefatos sobre a corrup\u00e7\u00e3o e o asilo que o governo quer dar ao ex-presidente<\/p>\n<p><a class=\"more-link\" href=\"https:\/\/cofecon.org.br\/cofecon\/?p=930\">Leia Mais<\/a><\/p>\n","protected":false},"author":1,"featured_media":0,"comment_status":"open","ping_status":"open","sticky":false,"template":"","format":"standard","meta":{"footnotes":""},"categories":[6],"tags":[],"class_list":["post-930","post","type-post","status-publish","format-standard","hentry","category-artigo"],"_links":{"self":[{"href":"https:\/\/cofecon.org.br\/cofecon\/index.php?rest_route=\/wp\/v2\/posts\/930"}],"collection":[{"href":"https:\/\/cofecon.org.br\/cofecon\/index.php?rest_route=\/wp\/v2\/posts"}],"about":[{"href":"https:\/\/cofecon.org.br\/cofecon\/index.php?rest_route=\/wp\/v2\/types\/post"}],"author":[{"embeddable":true,"href":"https:\/\/cofecon.org.br\/cofecon\/index.php?rest_route=\/wp\/v2\/users\/1"}],"replies":[{"embeddable":true,"href":"https:\/\/cofecon.org.br\/cofecon\/index.php?rest_route=%2Fwp%2Fv2%2Fcomments&post=930"}],"version-history":[{"count":0,"href":"https:\/\/cofecon.org.br\/cofecon\/index.php?rest_route=\/wp\/v2\/posts\/930\/revisions"}],"wp:attachment":[{"href":"https:\/\/cofecon.org.br\/cofecon\/index.php?rest_route=%2Fwp%2Fv2%2Fmedia&parent=930"}],"wp:term":[{"taxonomy":"category","embeddable":true,"href":"https:\/\/cofecon.org.br\/cofecon\/index.php?rest_route=%2Fwp%2Fv2%2Fcategories&post=930"},{"taxonomy":"post_tag","embeddable":true,"href":"https:\/\/cofecon.org.br\/cofecon\/index.php?rest_route=%2Fwp%2Fv2%2Ftags&post=930"}],"curies":[{"name":"wp","href":"https:\/\/api.w.org\/{rel}","templated":true}]}}