{"id":924,"date":"2016-03-17T14:52:28","date_gmt":"2016-03-17T17:52:28","guid":{"rendered":"http:\/\/www.cofecon.org.br\/?p=924"},"modified":"2016-03-17T14:52:28","modified_gmt":"2016-03-17T17:52:28","slug":"vice-presidente-do-cofecon-participa-de-reuniao-sobre-enesul-e-econesul","status":"publish","type":"post","link":"https:\/\/cofecon.org.br\/cofecon\/?p=924","title":{"rendered":"Vice-presidente do Cofecon participa de reuni\u00e3o sobre Enesul e Econesul"},"content":{"rendered":"<p style=\"text-align: justify;\"><img loading=\"lazy\" decoding=\"async\" class=\"size-medium wp-image-925 alignleft\" src=\"http:\/\/www.cofecon.org.br\/wp-content\/uploads\/2017\/06\/24-300x168.jpg\" alt=\"\" width=\"300\" height=\"168\" srcset=\"https:\/\/cofecon.org.br\/cofecon\/wp-content\/uploads\/2017\/06\/24-300x168.jpg 300w, https:\/\/cofecon.org.br\/cofecon\/wp-content\/uploads\/2017\/06\/24.jpg 679w\" sizes=\"(max-width: 300px) 100vw, 300px\" \/>O vice-presidente do Conselho Federal de Economia (Cofecon), Odisnei B\u00e9ga, participou de reuni\u00e3o nesta quinta-feira, 17 de mar\u00e7o, na sede do Conselho Regional de Economia de Santa Catarina (Corecon-SC) sobre os projetos do XXI Encontro Nacional dos Economistas da Regi\u00e3o Sul (Enesul) e do I Encontro dos Economistas do Cone Sul (I Econesul), a serem realizados em Florian\u00f3polis (SC) de 04 a 06 de agosto. Tamb\u00e9m estiveram presentes representantes do Corecon-RS e do Corecon-PR.<\/p>\n<p style=\"text-align: justify;\">Os eventos ter\u00e3o como objetivo reunir representantes do Sistema Cofecon\/Corecons e dos conselhos de classe do Cone Sul (Argentina, Brasil, Chile, Paraguai e Uruguai), economistas e estudantes de Economia para discutir os fundamentos econ\u00f4micos das atuais pol\u00edticas macroecon\u00f4micas que subsidiam o andamento da conjuntura econ\u00f4mica do Brasil e dos demais pa\u00edses integrantes do Cone Sul, com foco no inter-relacionamento das pol\u00edticas macroecon\u00f4micas adotadas em seus relacionamentos comerciais. Al\u00e9m disso, ser\u00e1 analisada a estrutura dos cursos de Economia, com base nas grades curriculares, e ser\u00e3o propostas as melhorias necess\u00e1rias, com foco no mercado de trabalho nacional e na \u00e1rea de abrang\u00eancia do Cone Sul.<\/p>\n<p style=\"text-align: justify;\">Participaram da reuni\u00e3o o presidente do CORECON-SC, Econ. Paulo Roberto Polli Lobo; O Vice-Presidente do COFECON, Econ. Odisnei B\u00e9ga; o Vice-Presidente do CORECON-PR, Econ. Celso Bernardo; o Conselheiro do CORECON-RS, Econ. Arist\u00f3teles Rosa Galv\u00e3o; os Conselheiros do CORECON-SC, Econ. Alexandre Ant\u00f4nio Benedetto Flores e Marly C\u00e9lia de Souza Carvalho, al\u00e9m do Econ. Fl\u00e1vio Lopes Perfeito, Presidente da Comiss\u00e3o Organizadora dos eventos.<\/p>\n","protected":false},"excerpt":{"rendered":"<p>O vice-presidente do Conselho Federal de Economia (Cofecon), Odisnei B\u00e9ga, participou de reuni\u00e3o nesta quinta-feira, 17 de mar\u00e7o, na sede do Conselho Regional de Economia de Santa Catarina (Corecon-SC) sobre os projetos do XXI Encontro Nacional dos Economistas da Regi\u00e3o<\/p>\n<p><a class=\"more-link\" href=\"https:\/\/cofecon.org.br\/cofecon\/?p=924\">Leia Mais<\/a><\/p>\n","protected":false},"author":1,"featured_media":0,"comment_status":"open","ping_status":"open","sticky":false,"template":"","format":"standard","meta":{"footnotes":""},"categories":[2],"tags":[],"class_list":["post-924","post","type-post","status-publish","format-standard","hentry","category-noticias"],"_links":{"self":[{"href":"https:\/\/cofecon.org.br\/cofecon\/index.php?rest_route=\/wp\/v2\/posts\/924"}],"collection":[{"href":"https:\/\/cofecon.org.br\/cofecon\/index.php?rest_route=\/wp\/v2\/posts"}],"about":[{"href":"https:\/\/cofecon.org.br\/cofecon\/index.php?rest_route=\/wp\/v2\/types\/post"}],"author":[{"embeddable":true,"href":"https:\/\/cofecon.org.br\/cofecon\/index.php?rest_route=\/wp\/v2\/users\/1"}],"replies":[{"embeddable":true,"href":"https:\/\/cofecon.org.br\/cofecon\/index.php?rest_route=%2Fwp%2Fv2%2Fcomments&post=924"}],"version-history":[{"count":0,"href":"https:\/\/cofecon.org.br\/cofecon\/index.php?rest_route=\/wp\/v2\/posts\/924\/revisions"}],"wp:attachment":[{"href":"https:\/\/cofecon.org.br\/cofecon\/index.php?rest_route=%2Fwp%2Fv2%2Fmedia&parent=924"}],"wp:term":[{"taxonomy":"category","embeddable":true,"href":"https:\/\/cofecon.org.br\/cofecon\/index.php?rest_route=%2Fwp%2Fv2%2Fcategories&post=924"},{"taxonomy":"post_tag","embeddable":true,"href":"https:\/\/cofecon.org.br\/cofecon\/index.php?rest_route=%2Fwp%2Fv2%2Ftags&post=924"}],"curies":[{"name":"wp","href":"https:\/\/api.w.org\/{rel}","templated":true}]}}