{"id":922,"date":"2016-03-11T14:50:06","date_gmt":"2016-03-11T17:50:06","guid":{"rendered":"http:\/\/www.cofecon.org.br\/?p=922"},"modified":"2016-03-11T14:50:06","modified_gmt":"2016-03-11T17:50:06","slug":"novo-terco-do-corecon-mt-foi-eleito-nesta-sexta-feira","status":"publish","type":"post","link":"https:\/\/cofecon.org.br\/cofecon\/?p=922","title":{"rendered":"Novo ter\u00e7o do Corecon-MT foi eleito nesta sexta-feira"},"content":{"rendered":"<p style=\"text-align: justify;\">Em virtude da anula\u00e7\u00e3o da elei\u00e7\u00e3o do Corecon-MT, o Cofecon realizou um novo processo eleitoral em que os economistas matogrossenses escolheram os conselheiros regionais por correspond\u00eancia. A apura\u00e7\u00e3o ocorreu nesta sexta-feira, 11 de mar\u00e7o, na sede do Cofecon, em Bras\u00edlia. Ao todo, foram recebidas 152 c\u00e9dulas de vota\u00e7\u00e3o, mas 41 foram anuladas por motivos de inadimpl\u00eancia.<\/p>\n<p style=\"text-align: justify;\">A chapa 2, Valoriza\u00e7\u00e3o Profissional, foi eleita com 64 votos, j\u00e1 que a chapa 1, Coragem e atitude para mudar, recebeu 45 votos. Foram computados 1 (um) voto em branco e 1 (um) voto nulo. Est\u00e3o eleitos para o tri\u00eanio 2016-2018 como conselheiros efetivos: Evaldo da Silva, Renato Gorski e Ricardo Augusto Moreira da Silva; e como conselheiros suplentes Oscem\u00e1rio Forte Daltro, Rondenelly C\u00e9sar Marques de Arruda e Gabriela Limong Cavlac.<\/p>\n<p style=\"text-align: justify;\">Participaram da apura\u00e7\u00e3o o presidente da Comiss\u00e3o Eleitoral, o economista e vice-presidente do Cofecon, Odisnei Ant\u00f4nio B\u00e9ga; o membro da Comiss\u00e3o Eleitoral, o economista Angeilton Francisco Lima Faleiro; o presidente da Mesa Eleitoral: o economista Daniel Passos Soares; os mes\u00e1rios-escrutinadores: a Sr.\u00aa Maria Aparecida Carneiro e o Sr. R\u00f4mulo Oliveira Bittencourt; a fiscal da Chapa 1 &#8211; CORAGEM E ATITUDE PARA MUDAR: a economista Neusalina Maria de Jesus; e o fiscal da Chapa 2 &#8211; VALORIZA\u00c7\u00c3O PROFISSIONAL: o economista R\u00f4mulo Oliveira Bittencourt.<\/p>\n<p style=\"text-align: justify;\">\u201cSuperada esta fase, podemos avan\u00e7ar em uma agenda que venha atender aos economistas do estado do Mato Grosso\u201d, afirmou o vice-presidente do Cofecon, Odisnei B\u00e9ga.<\/p>\n","protected":false},"excerpt":{"rendered":"<p>Em virtude da anula\u00e7\u00e3o da elei\u00e7\u00e3o do Corecon-MT, o Cofecon realizou um novo processo eleitoral em que os economistas matogrossenses escolheram os conselheiros regionais por correspond\u00eancia. A apura\u00e7\u00e3o ocorreu nesta sexta-feira, 11 de mar\u00e7o, na sede do Cofecon, em Bras\u00edlia.<\/p>\n<p><a class=\"more-link\" href=\"https:\/\/cofecon.org.br\/cofecon\/?p=922\">Leia Mais<\/a><\/p>\n","protected":false},"author":1,"featured_media":0,"comment_status":"open","ping_status":"open","sticky":false,"template":"","format":"standard","meta":{"footnotes":""},"categories":[2],"tags":[],"class_list":["post-922","post","type-post","status-publish","format-standard","hentry","category-noticias"],"_links":{"self":[{"href":"https:\/\/cofecon.org.br\/cofecon\/index.php?rest_route=\/wp\/v2\/posts\/922"}],"collection":[{"href":"https:\/\/cofecon.org.br\/cofecon\/index.php?rest_route=\/wp\/v2\/posts"}],"about":[{"href":"https:\/\/cofecon.org.br\/cofecon\/index.php?rest_route=\/wp\/v2\/types\/post"}],"author":[{"embeddable":true,"href":"https:\/\/cofecon.org.br\/cofecon\/index.php?rest_route=\/wp\/v2\/users\/1"}],"replies":[{"embeddable":true,"href":"https:\/\/cofecon.org.br\/cofecon\/index.php?rest_route=%2Fwp%2Fv2%2Fcomments&post=922"}],"version-history":[{"count":0,"href":"https:\/\/cofecon.org.br\/cofecon\/index.php?rest_route=\/wp\/v2\/posts\/922\/revisions"}],"wp:attachment":[{"href":"https:\/\/cofecon.org.br\/cofecon\/index.php?rest_route=%2Fwp%2Fv2%2Fmedia&parent=922"}],"wp:term":[{"taxonomy":"category","embeddable":true,"href":"https:\/\/cofecon.org.br\/cofecon\/index.php?rest_route=%2Fwp%2Fv2%2Fcategories&post=922"},{"taxonomy":"post_tag","embeddable":true,"href":"https:\/\/cofecon.org.br\/cofecon\/index.php?rest_route=%2Fwp%2Fv2%2Ftags&post=922"}],"curies":[{"name":"wp","href":"https:\/\/api.w.org\/{rel}","templated":true}]}}