{"id":919,"date":"2016-03-17T14:47:51","date_gmt":"2016-03-17T17:47:51","guid":{"rendered":"http:\/\/www.cofecon.org.br\/?p=919"},"modified":"2016-03-17T14:47:51","modified_gmt":"2016-03-17T17:47:51","slug":"presidentes-do-cofecon-e-corecon-rj-se-reuniram-com-o-presidente-do-bndes","status":"publish","type":"post","link":"https:\/\/cofecon.org.br\/cofecon\/?p=919","title":{"rendered":"Presidentes do Cofecon e Corecon-RJ se reuniram com o presidente do BNDES"},"content":{"rendered":"<p style=\"text-align: justify;\"><img loading=\"lazy\" decoding=\"async\" class=\"size-medium wp-image-920 alignleft\" src=\"http:\/\/www.cofecon.org.br\/wp-content\/uploads\/2017\/06\/22-300x171.jpg\" alt=\"\" width=\"300\" height=\"171\" srcset=\"https:\/\/cofecon.org.br\/cofecon\/wp-content\/uploads\/2017\/06\/22-300x171.jpg 300w, https:\/\/cofecon.org.br\/cofecon\/wp-content\/uploads\/2017\/06\/22.jpg 679w\" sizes=\"(max-width: 300px) 100vw, 300px\" \/>Os presidentes do Conselho Federal de Economia (Cofecon), J\u00falio Miragaya, e do Conselho Regional de Economia do Rio de Janeiro (Corecon-RJ), Jos\u00e9 Antonio Lutterbach Soares, se encontraram com o presidente do Banco Nacional do Desenvolvimento (BNDES), Luciano Coutinho, na \u00faltima quarta-feira, 16 de mar\u00e7o, para tratar de assuntos de interesse dos economistas brasileiros.<\/p>\n<p style=\"text-align: justify;\">O primeiro t\u00f3pico foi a poss\u00edvel exig\u00eancia, pelo BNDES, de que apenas economistas sejam considerados aptos a elaborar os projetos de viabilidade econ\u00f4mica e financeira que s\u00e3o submetidos ao banco. Coutinho alegou dificuldades em cumprir a solicita\u00e7\u00e3o feita em nome do Sistema Cofecon\/Corecons, mas se comprometeu a continuar debatendo o assunto.<\/p>\n<p style=\"text-align: justify;\">Outra quest\u00e3o tratada na reuni\u00e3o foi o semin\u00e1rio Alternativas para o Desenvolvimento da Am\u00e9rica Latina e Caribe, a ser realizado nos dias 24 e 25 de novembro, com o objetivo de discutir alternativas ao desenvolvimento da regi\u00e3o. O presidente do BNDES ofereceu o audit\u00f3rio da institui\u00e7\u00e3o para sediar os debates e aceitou o convite para ser um dos palestrantes do evento.<\/p>\n<p style=\"text-align: justify;\">Tamb\u00e9m esteve em pauta o projeto de uma publica\u00e7\u00e3o conjunta do Sistema Cofecon\/Corecons e do BNDES sobre o processo de desenvolvimento da economia de cada estado brasileiro, o que culminaria na realiza\u00e7\u00e3o de semin\u00e1rios regionais para disseminar as informa\u00e7\u00f5es. O Banco concordou em participar da iniciativa. Por fim, Miragaya apresentou a revista Economistas, publicada pela autarquia trimestralmente, cuja tiragem o Cofecon busca ampliar por meio de patroc\u00ednios e publicidade. O presidente Luciano Coutinho se mostrou interessado em anunciar futuramente na publica\u00e7\u00e3o.<\/p>\n","protected":false},"excerpt":{"rendered":"<p>Os presidentes do Conselho Federal de Economia (Cofecon), J\u00falio Miragaya, e do Conselho Regional de Economia do Rio de Janeiro (Corecon-RJ), Jos\u00e9 Antonio Lutterbach Soares, se encontraram com o presidente do Banco Nacional do Desenvolvimento (BNDES), Luciano Coutinho, na \u00faltima<\/p>\n<p><a class=\"more-link\" href=\"https:\/\/cofecon.org.br\/cofecon\/?p=919\">Leia Mais<\/a><\/p>\n","protected":false},"author":1,"featured_media":0,"comment_status":"open","ping_status":"open","sticky":false,"template":"","format":"standard","meta":{"footnotes":""},"categories":[2],"tags":[],"class_list":["post-919","post","type-post","status-publish","format-standard","hentry","category-noticias"],"_links":{"self":[{"href":"https:\/\/cofecon.org.br\/cofecon\/index.php?rest_route=\/wp\/v2\/posts\/919"}],"collection":[{"href":"https:\/\/cofecon.org.br\/cofecon\/index.php?rest_route=\/wp\/v2\/posts"}],"about":[{"href":"https:\/\/cofecon.org.br\/cofecon\/index.php?rest_route=\/wp\/v2\/types\/post"}],"author":[{"embeddable":true,"href":"https:\/\/cofecon.org.br\/cofecon\/index.php?rest_route=\/wp\/v2\/users\/1"}],"replies":[{"embeddable":true,"href":"https:\/\/cofecon.org.br\/cofecon\/index.php?rest_route=%2Fwp%2Fv2%2Fcomments&post=919"}],"version-history":[{"count":0,"href":"https:\/\/cofecon.org.br\/cofecon\/index.php?rest_route=\/wp\/v2\/posts\/919\/revisions"}],"wp:attachment":[{"href":"https:\/\/cofecon.org.br\/cofecon\/index.php?rest_route=%2Fwp%2Fv2%2Fmedia&parent=919"}],"wp:term":[{"taxonomy":"category","embeddable":true,"href":"https:\/\/cofecon.org.br\/cofecon\/index.php?rest_route=%2Fwp%2Fv2%2Fcategories&post=919"},{"taxonomy":"post_tag","embeddable":true,"href":"https:\/\/cofecon.org.br\/cofecon\/index.php?rest_route=%2Fwp%2Fv2%2Ftags&post=919"}],"curies":[{"name":"wp","href":"https:\/\/api.w.org\/{rel}","templated":true}]}}