{"id":916,"date":"2016-03-09T14:45:41","date_gmt":"2016-03-09T17:45:41","guid":{"rendered":"http:\/\/www.cofecon.org.br\/?p=916"},"modified":"2016-03-09T14:45:41","modified_gmt":"2016-03-09T17:45:41","slug":"inflacao-em-12-meses-cai-pela-primeira-vez-desde-setembro","status":"publish","type":"post","link":"https:\/\/cofecon.org.br\/cofecon\/?p=916","title":{"rendered":"Infla\u00e7\u00e3o em 12 meses cai pela primeira vez desde setembro"},"content":{"rendered":"<p style=\"text-align: justify;\"><img loading=\"lazy\" decoding=\"async\" class=\"size-medium wp-image-917 alignleft\" src=\"http:\/\/www.cofecon.org.br\/wp-content\/uploads\/2017\/06\/25-300x171.png\" alt=\"\" width=\"300\" height=\"171\" srcset=\"https:\/\/cofecon.org.br\/cofecon\/wp-content\/uploads\/2017\/06\/25-300x171.png 300w, https:\/\/cofecon.org.br\/cofecon\/wp-content\/uploads\/2017\/06\/25.png 679w\" sizes=\"(max-width: 300px) 100vw, 300px\" \/>O \u00cdndice Nacional de Pre\u00e7os ao Consumidor Amplo &#8211; IPCA de fevereiro (0,90%) ficou abaixo da taxa de janeiro (1,27%) em 0,37 ponto percentual (p.p.). No ano, o \u00edndice acumulou 2,18%, inferior aos 2,48% acumulados em igual per\u00edodo de 2015. Nos \u00faltimos doze meses (10,36%) o acumulado ficou abaixo dos 10,71% dos doze meses imediatamente anteriores. Em fevereiro de 2015 o IPCA foi de 1,22%.<\/p>\n<p style=\"text-align: justify;\">Considerando os nove grupos de produtos e servi\u00e7os pesquisados, a mais elevada varia\u00e7\u00e3o ficou com Educa\u00e7\u00e3o, que atingiu 5,90%, refletindo os reajustes praticados no in\u00edcio do ano letivo, especialmente nos valores das mensalidades dos cursos regulares, que subiram 7,43%, constituindo-se no item de maior contribui\u00e7\u00e3o no m\u00eas, com 0,21 p.p.. \u00c0 exce\u00e7\u00e3o de Fortaleza, que n\u00e3o apresentou aumento em virtude de diferen\u00e7a na data de reajuste, nas demais regi\u00f5es as varia\u00e7\u00f5es dos cursos regulares situaram-se entre os 3,99% da regi\u00e3o metropolitana de Recife e os 10,88% do Rio de Janeiro. Nas mensalidades dos cursos diversos (idioma, inform\u00e1tica, etc.), a varia\u00e7\u00e3o foi de 5,53%. Seguem os resultados dos grupos pesquisados.<\/p>\n<p style=\"text-align: justify;\">Os grupos Educa\u00e7\u00e3o (5,90% e 0,27 p.p. de contribui\u00e7\u00e3o) e Alimenta\u00e7\u00e3o e Bebidas (1,06% e contribui\u00e7\u00e3o tamb\u00e9m de 0,27 p.p.) foram respons\u00e1veis por 60% do IPCA do m\u00eas, ou 0,54 p.p..<\/p>\n<p style=\"text-align: justify;\">Em fevereiro, os pre\u00e7os dos alimentos (1,06%) continuaram subindo, embora com menos for\u00e7a do que em janeiro (2,28%). Na tabela a seguir, os principais produtos em alta, com destaque para a cenoura (23,79%) e farinha de mandioca (11,40%).<\/p>\n<p style=\"text-align: justify;\">Entre os produtos com pre\u00e7os em queda, destacam-se o tomate (-12,63%) e a batata-inglesa (-5,70%).<\/p>\n<p style=\"text-align: justify;\">As tarifas de \u00f4nibus urbanos, com alta de 2,61%, s\u00e3o destaques no grupo Transportes (0,62%). Observa-se que na regi\u00e3o metropolitana de Curitiba a tarifa diferenciada dos dias de domingo passou de R$1,50 para R$2,50, reajustada em 66,67%.<\/p>\n<p style=\"text-align: justify;\">Al\u00e9m disso, houve aumento de 3,83% nas tarifas de trem, reflexo dos reajustes de 12,12% ocorrido no Rio de Janeiro em 02 de fevereiro e de 8,57% em S\u00e3o Paulo no dia 09 de janeiro. Ainda em Transportes, observa-se que os pre\u00e7os do etanol continuaram subindo e foram para 4,22%, enquanto a gasolina ficou em 0,55%. Por outro lado, chegando at\u00e9 -15,83%, a queda nas passagens a\u00e9reas foi significativa.<\/p>\n<p style=\"text-align: justify;\">As contas de energia el\u00e9trica (-2,16%) tamb\u00e9m tiveram queda e levaram o grupo Habita\u00e7\u00e3o para -0,15%, sendo a principal contribui\u00e7\u00e3o negativa (-0,09 p.p.). Este comportamento se deve \u00e0 redu\u00e7\u00e3o no valor da bandeira tarif\u00e1ria vermelha, que passou de R$ 4,50 para R$ 3,00 por cada 100 kilowatts-hora consumidos, a partir de 1\u00ba de fevereiro.<\/p>\n<p style=\"text-align: justify;\">O Sistema das Bandeiras Tarif\u00e1rias, modelo de cobran\u00e7a do gasto com usinas t\u00e9rmicas, est\u00e1 em vigor desde o dia 1\u00ba de janeiro de 2015, quando o valor da bandeira vermelha foi acrescido \u00e0s tarifas de energia el\u00e9trica.<\/p>\n<p style=\"text-align: justify;\">J\u00e1 na taxa de \u00e1gua e esgoto, a alta foi a 1,72%.<\/p>\n<p style=\"text-align: justify;\">Na regi\u00e3o metropolitana de S\u00e3o Paulo, a varia\u00e7\u00e3o de 4,75% em \u00e1gua e esgoto \u00e9 resultado de adapta\u00e7\u00e3o dos c\u00e1lculos \u00e0 forma de escalonamento da faixa de bonifica\u00e7\u00e3o concedido \u00e0s tarifas e \u00e0 incorpora\u00e7\u00e3o da tarifa de conting\u00eancia.<\/p>\n<p style=\"text-align: justify;\">Nos demais grupos, os destaques foram: TV por assinatura e internet (7,86%); TV, som e inform\u00e1tica (2,80%); artigos de higiene pessoal (1,90%); conserto e manuten\u00e7\u00e3o (1,90%); cigarro (1,89%); eletrodom\u00e9sticos (1,50%); plano de sa\u00fade (1,06%); servi\u00e7os m\u00e9dicos e dent\u00e1rios (0,76%); cabeleireiro (0,70%).<\/p>\n<p style=\"text-align: justify;\">O cigarro (1,89%) refletiu reajustes ocorridos em determinadas marcas e regi\u00f5es, al\u00e9m de redu\u00e7\u00e3o nos pre\u00e7os.<\/p>\n<p style=\"text-align: justify;\">Quanto aos \u00edndices regionais, o maior foi o da regi\u00e3o metropolitana de Salvador (1,41%), destacando-se a alta de 2,55% nos pre\u00e7os dos alimentos. O menor foi o da regi\u00e3o metropolitana de Vit\u00f3ria (0,28%), onde os alimentos ficaram em 0,36%, bem abaixo da m\u00e9dia nacional (1,06%).<\/p>\n<p style=\"text-align: justify;\">Para c\u00e1lculo do \u00edndice do m\u00eas foram comparados os pre\u00e7os coletados no per\u00edodo de 29 de janeiro a 29 de fevereiro de 2016 (refer\u00eancia) com os pre\u00e7os vigentes no per\u00edodo de 30 de dezembro de 2015 a 28 de janeiro de 2016 (base).<\/p>\n<p style=\"text-align: justify;\">O IPCA \u00e9 calculado pelo IBGE desde 1980, se refere \u00e0s fam\u00edlias com rendimento monet\u00e1rio de 01 a 40 sal\u00e1rios m\u00ednimos, qualquer que seja a fonte, e abrange dez regi\u00f5es metropolitanas do pa\u00eds, al\u00e9m dos munic\u00edpios de Goi\u00e2nia, Campo Grande e de Bras\u00edlia.<\/p>\n<p style=\"text-align: justify;\"><strong>\u00cdndice Nacional de Pre\u00e7os ao Consumidor (INPC) fica em 0,95%<\/strong><\/p>\n<p style=\"text-align: justify;\">O \u00cdndice Nacional de Pre\u00e7os ao Consumidor &#8211; INPC apresentou varia\u00e7\u00e3o de 0,95% em fevereiro, e foi menor que o de janeiro (1,51%) em 0,56 p.p. Nos dois primeiros meses do ano, o \u00edndice acumula 2,47%, inferior aos 2,66% de igual per\u00edodo de 2015. Nos \u00faltimos doze meses o \u00edndice ficou em 11,08%, abaixo da taxa de 11,31% dos doze meses anteriores. Em fevereiro de 2015 o INPC foi 1,16%.<\/p>\n<p style=\"text-align: justify;\">Os produtos aliment\u00edcios se apresentaram com 1,19% em fevereiro, enquanto em janeiro a alta foi 2,41%. O agrupamento dos n\u00e3o aliment\u00edcios teve varia\u00e7\u00e3o de 0,84% em fevereiro, abaixo da taxa de 1,11% de janeiro.<\/p>\n<p style=\"text-align: justify;\">O maior \u00edndice regional foi o da regi\u00e3o metropolitana de Recife (1,61%), destacando-se a alta de 9,24 % nas tarifas dos \u00f4nibus urbanos, refletindo o reajuste de 14,28% em vigor desde o dia 19 de janeiro. Os menores \u00edndices ficaram com Vit\u00f3ria (0,40%) e Campo Grande (0,44%), onde os pre\u00e7os dos alimentos subiram 0,44% em ambas, bem abaixo da m\u00e9dia nacional (1,19%).<\/p>\n<p style=\"text-align: justify;\">Para c\u00e1lculo do \u00edndice do m\u00eas foram comparados os pre\u00e7os coletados no per\u00edodo de 29 de janeiro a 29 de fevereiro de 2016 (refer\u00eancia) com os pre\u00e7os vigentes no per\u00edodo de 30 de dezembro de 2015 a 28 de janeiro de 2016 (base).<\/p>\n<p style=\"text-align: justify;\">O INPC \u00e9 calculado pelo IBGE desde 1979, se refere \u00e0s fam\u00edlias com rendimento monet\u00e1rio de 01 a 05 sal\u00e1rios m\u00ednimos, sendo o chefe assalariado, e abrange dez regi\u00f5es metropolitanas do pa\u00eds, al\u00e9m dos munic\u00edpios de Goi\u00e2nia, Campo Grande e de Bras\u00edlia.<\/p>\n","protected":false},"excerpt":{"rendered":"<p>O \u00cdndice Nacional de Pre\u00e7os ao Consumidor Amplo &#8211; IPCA de fevereiro (0,90%) ficou abaixo da taxa de janeiro (1,27%) em 0,37 ponto percentual (p.p.). No ano, o \u00edndice acumulou 2,18%, inferior aos 2,48% acumulados em igual per\u00edodo de 2015.<\/p>\n<p><a class=\"more-link\" href=\"https:\/\/cofecon.org.br\/cofecon\/?p=916\">Leia Mais<\/a><\/p>\n","protected":false},"author":1,"featured_media":0,"comment_status":"open","ping_status":"open","sticky":false,"template":"","format":"standard","meta":{"footnotes":""},"categories":[2],"tags":[],"class_list":["post-916","post","type-post","status-publish","format-standard","hentry","category-noticias"],"_links":{"self":[{"href":"https:\/\/cofecon.org.br\/cofecon\/index.php?rest_route=\/wp\/v2\/posts\/916"}],"collection":[{"href":"https:\/\/cofecon.org.br\/cofecon\/index.php?rest_route=\/wp\/v2\/posts"}],"about":[{"href":"https:\/\/cofecon.org.br\/cofecon\/index.php?rest_route=\/wp\/v2\/types\/post"}],"author":[{"embeddable":true,"href":"https:\/\/cofecon.org.br\/cofecon\/index.php?rest_route=\/wp\/v2\/users\/1"}],"replies":[{"embeddable":true,"href":"https:\/\/cofecon.org.br\/cofecon\/index.php?rest_route=%2Fwp%2Fv2%2Fcomments&post=916"}],"version-history":[{"count":0,"href":"https:\/\/cofecon.org.br\/cofecon\/index.php?rest_route=\/wp\/v2\/posts\/916\/revisions"}],"wp:attachment":[{"href":"https:\/\/cofecon.org.br\/cofecon\/index.php?rest_route=%2Fwp%2Fv2%2Fmedia&parent=916"}],"wp:term":[{"taxonomy":"category","embeddable":true,"href":"https:\/\/cofecon.org.br\/cofecon\/index.php?rest_route=%2Fwp%2Fv2%2Fcategories&post=916"},{"taxonomy":"post_tag","embeddable":true,"href":"https:\/\/cofecon.org.br\/cofecon\/index.php?rest_route=%2Fwp%2Fv2%2Ftags&post=916"}],"curies":[{"name":"wp","href":"https:\/\/api.w.org\/{rel}","templated":true}]}}