{"id":911,"date":"2016-03-02T14:41:37","date_gmt":"2016-03-02T17:41:37","guid":{"rendered":"http:\/\/www.cofecon.org.br\/?p=911"},"modified":"2016-03-02T14:41:37","modified_gmt":"2016-03-02T17:41:37","slug":"a-beira-do-precipicio","status":"publish","type":"post","link":"https:\/\/cofecon.org.br\/cofecon\/?p=911","title":{"rendered":"Artigo &#8211; \u00c0 beira do precip\u00edcio"},"content":{"rendered":"<p style=\"text-align: justify;\">O dia 28 de fevereiro de 2016 marca os 30 anos do Plano Cruzado, ocasi\u00e3o em que manteve-se o comum padr\u00e3o de cortar tr\u00eas zeros da moeda anterior, o Cruzeiro (Cr$), criando o Cruzado (Cz$). Foi implantado um congelamento de pre\u00e7os e servi\u00e7os. Foram tamb\u00e9m congelados os sal\u00e1rios e c\u00e2mbio. Os s\u00e1bios, na ocasi\u00e3o em que criaram o plano, acreditaram que a economia havia sido desindexada e os efeitos inflacion\u00e1rios futuros, embutidos nos pre\u00e7os das d\u00edvidas, haviam sido zerados, portanto deveriam sofrer redu\u00e7\u00e3o. Foi institu\u00edda uma tabela de convers\u00e3o, que imediatamente foi chamada de &#8220;Tablita&#8221;. Afinal o Plano Cruzado era uma c\u00f3pia do Plano Austral da Argentina, onde l\u00e1 implantaram a &#8220;Tablita&#8221;.<\/p>\n<p style=\"text-align: justify;\">O fracasso deste plano veio pelos efeitos do congelamento vigente e pelo desabastecimento que veio a seguir. Surgiu um mercado negro de alimentos, a tal ponto que nas cidades, para comprar um quilo de carne, era necess\u00e1rio buscar neste mercado clandestino.<\/p>\n<p style=\"text-align: justify;\">Mas n\u00e3o foi esta a principal origem do fracasso. Faltaram por parte do governo medidas para controlar os gastos p\u00fablicos. O congelamento do c\u00e2mbio fez com que as Reservas Internacionais tivessem dr\u00e1stica diminui\u00e7\u00e3o. Como resultado, em fevereiro de 1987 o governo decretou uma Morat\u00f3ria das d\u00edvidas internacionais.<\/p>\n<p style=\"text-align: justify;\">Por fim, os juros reais estabelecidos eram negativos, desestimulando a poupan\u00e7a e pressionando o consumo.<\/p>\n<p style=\"text-align: justify;\">Este plano s\u00f3 vigorou at\u00e9 permitir que o PMDB, partido do presidente Sarney, elegesse em 15 de novembro, 22 governadores e o PFL, da base do governo, elegesse, 1.\u00a0 Foram eleitos pelo PMDB quase dois ter\u00e7os da\u00a0C\u00e2mara dos deputados, do\u00a0Senado\u00a0e das\u00a0Assembl\u00e9ias Legislativas\u00a0estaduais.<\/p>\n<p style=\"text-align: justify;\">Encerradas as elei\u00e7\u00f5es, no dia 21 de novembro o governo lan\u00e7ou o Plano Cruzado II.<\/p>\n<p style=\"text-align: justify;\">Destacam-se entre os seus principais pontos a libera\u00e7\u00e3o dos pre\u00e7os dos produtos e servi\u00e7os e a reindexa\u00e7\u00e3o da economia.<\/p>\n<p style=\"text-align: justify;\">At\u00e9 pouco tempo, era considerado como um dos maiores estelionatos eleitorais praticado neste pa\u00eds, mas dizem ter sido superado pela elei\u00e7\u00e3o presidencial de 2014.<\/p>\n<p style=\"text-align: justify;\">Depois o Brasil continuou sendo cobaia e laborat\u00f3rio de experi\u00eancias de magos da economia. Veio a sofrer com as consequ\u00eancias do Plano Bresser, implantado em 16 de julho de 1987 &#8211; plano que nasceu morto &#8211; seguido de outros fracassos, como o Plano Ver\u00e3o em 16 de janeiro de 1989 e por fim o mais famigerado de todos, o Plano Collor, em 16 de mar\u00e7o de 1990, conhecido por ter confiscado a poupan\u00e7a dos brasileiros.<\/p>\n<p style=\"text-align: justify;\">Em apenas quatro anos o Brasil conviveu com o pesadelo de cinco planos, que n\u00e3o deram em nada. Muitos, mas muitos mesmo perderam tudo e os que puderam recome\u00e7ar ainda esperam que a justi\u00e7a, pelo STF, devolva o que lhes foi tirado, pelo fato que o governo n\u00e3o concedeu os juros estabelecidos por contratos em seus investimentos.<\/p>\n<p style=\"text-align: justify;\">Apenas o Plano Real foi o que n\u00e3o rasgou contratos, muito pelo contr\u00e1rio, permitiu um per\u00edodo de mais de um ano para que todos se adaptassem as mudan\u00e7as que viriam a partir de 1\u00ba de julho de 1994.<\/p>\n<p style=\"text-align: justify;\">Vale assinalar que desde o in\u00edcio do mandato da atual presidente voltaram-se a cometer os mesmos erros do Plano Cruzado, que s\u00e3o a falta de medidas para controlar os gastos p\u00fablicos.<\/p>\n<p style=\"text-align: justify;\">N\u00e3o passa pelos cabe\u00e7a dos pr\u00f3ceres da economia que est\u00e3o no governo e da principal mandat\u00e1ria seguirem as diretrizes implantadas a partir de julho de 1994 pelo Plano Real. Plano que, pelos atuais detentores do poder, \u00e9 considerado heran\u00e7a maldita. Por n\u00e3o seguirem as diretrizes estabelecidas desde suas bases \u00e9 que estamos vivendo, pelo terceiro ano seguido, uma recess\u00e3o com desemprego e infla\u00e7\u00e3o se acelerando, e a arrecada\u00e7\u00e3o em queda. Resultado: Estados e Munic\u00edpios \u00e0 beira da fal\u00eancia e redu\u00e7\u00e3o dr\u00e1stica no investimentos.<\/p>\n<p style=\"text-align: justify;\">Com tudo isso ocorrendo no dia-a-dia, h\u00e1 proponentes visando saquear as Reservas Internacionais que est\u00e3o sob gest\u00e3o do Banco Central, \u00faltimo basti\u00e3o antes de um default.<\/p>\n<p style=\"text-align: justify;\"><strong>D\u00e9cio Batista Pizzato &#8211; Economista<\/strong><\/p>\n","protected":false},"excerpt":{"rendered":"<p>O dia 28 de fevereiro de 2016 marca os 30 anos do Plano Cruzado, ocasi\u00e3o em que manteve-se o comum padr\u00e3o de cortar tr\u00eas zeros da moeda anterior, o Cruzeiro (Cr$), criando o Cruzado (Cz$). Foi implantado um congelamento de<\/p>\n<p><a class=\"more-link\" href=\"https:\/\/cofecon.org.br\/cofecon\/?p=911\">Leia Mais<\/a><\/p>\n","protected":false},"author":1,"featured_media":0,"comment_status":"open","ping_status":"open","sticky":false,"template":"","format":"standard","meta":{"footnotes":""},"categories":[6],"tags":[],"class_list":["post-911","post","type-post","status-publish","format-standard","hentry","category-artigo"],"_links":{"self":[{"href":"https:\/\/cofecon.org.br\/cofecon\/index.php?rest_route=\/wp\/v2\/posts\/911"}],"collection":[{"href":"https:\/\/cofecon.org.br\/cofecon\/index.php?rest_route=\/wp\/v2\/posts"}],"about":[{"href":"https:\/\/cofecon.org.br\/cofecon\/index.php?rest_route=\/wp\/v2\/types\/post"}],"author":[{"embeddable":true,"href":"https:\/\/cofecon.org.br\/cofecon\/index.php?rest_route=\/wp\/v2\/users\/1"}],"replies":[{"embeddable":true,"href":"https:\/\/cofecon.org.br\/cofecon\/index.php?rest_route=%2Fwp%2Fv2%2Fcomments&post=911"}],"version-history":[{"count":0,"href":"https:\/\/cofecon.org.br\/cofecon\/index.php?rest_route=\/wp\/v2\/posts\/911\/revisions"}],"wp:attachment":[{"href":"https:\/\/cofecon.org.br\/cofecon\/index.php?rest_route=%2Fwp%2Fv2%2Fmedia&parent=911"}],"wp:term":[{"taxonomy":"category","embeddable":true,"href":"https:\/\/cofecon.org.br\/cofecon\/index.php?rest_route=%2Fwp%2Fv2%2Fcategories&post=911"},{"taxonomy":"post_tag","embeddable":true,"href":"https:\/\/cofecon.org.br\/cofecon\/index.php?rest_route=%2Fwp%2Fv2%2Ftags&post=911"}],"curies":[{"name":"wp","href":"https:\/\/api.w.org\/{rel}","templated":true}]}}