{"id":905,"date":"2016-03-01T14:37:37","date_gmt":"2016-03-01T17:37:37","guid":{"rendered":"http:\/\/www.cofecon.org.br\/?p=905"},"modified":"2016-03-01T14:37:37","modified_gmt":"2016-03-01T17:37:37","slug":"curso-de-ciencias-economicas-da-ufpi-comemora-40-anos","status":"publish","type":"post","link":"https:\/\/cofecon.org.br\/cofecon\/?p=905","title":{"rendered":"Curso de Ci\u00eancias Econ\u00f4micas da UFPI comemora 40 anos"},"content":{"rendered":"<p style=\"text-align: justify;\"><img loading=\"lazy\" decoding=\"async\" class=\"size-medium wp-image-906 alignleft\" src=\"http:\/\/www.cofecon.org.br\/wp-content\/uploads\/2017\/06\/ufpi-300x171.jpg\" alt=\"\" width=\"300\" height=\"171\" srcset=\"https:\/\/cofecon.org.br\/cofecon\/wp-content\/uploads\/2017\/06\/ufpi-300x171.jpg 300w, https:\/\/cofecon.org.br\/cofecon\/wp-content\/uploads\/2017\/06\/ufpi.jpg 500w\" sizes=\"(max-width: 300px) 100vw, 300px\" \/>Na pr\u00f3xima quarta-feira (02), o curso de Ci\u00eancias Econ\u00f4micas da Universidade Federal do Piau\u00ed comemora 40 anos. A data ser\u00e1 celebrada com uma homenagem a professores que j\u00e1 passaram pelo curso. A programa\u00e7\u00e3o conta ainda com palestra do Prof. Edson Jos\u00e9 de Castro Lima, um dos fundadores do curso. A solenidade acontecer\u00e1 no Cine-Teatro da UFPI, \u00e0s 16h.<\/p>\n<p style=\"text-align: justify;\">Na oportunidade ser\u00e3o lan\u00e7ados o Informe Econ\u00f4mico comemorativo aos 40 anos do curso e o livro &#8220;Economia Solid\u00e1rio no Piau\u00ed&#8221;, organizado por professores e estudantes.<\/p>\n<p style=\"text-align: justify;\">O curso de Ci\u00eancias Econ\u00f4micas da Universidade Federal do Piau\u00ed nasceu nos primeiros anos da Institui\u00e7\u00e3o e teve suas atividades ampliadas para al\u00e9m do ensino, desenvolvendo pesquisa e extens\u00e3o com fortes v\u00ednculos com a sociedade.<\/p>\n<p style=\"text-align: justify;\">De acordo com a professora Romina Julieta Sanches, doutora em economia e chefe do departamento de Ci\u00eancias Econ\u00f4micas da UFPI, as conquistas alcan\u00e7adas s\u00e3o um reflexo do comprometimento dos professores com a \u00e9tica em educar e a forma\u00e7\u00e3o cidad\u00e3.<\/p>\n<p style=\"text-align: justify;\">\u201cTemos em nossos quadros profissionais aptos \u00e0 interven\u00e7\u00e3o social e atentos ao desenvolvimento regional. Neste processo, a qualifica\u00e7\u00e3o do corpo docente foi determinante para os avan\u00e7os conquistados por todos\u201d, destaca Sanches, ressaltando que a maioria dos professores \u00e9 oriunda do pr\u00f3prio Curso de Economia. \u201cAtualmente, predominam professores doutores que atuam, al\u00e9m da gradua\u00e7\u00e3o, em programas de p\u00f3s-gradua\u00e7\u00e3o da IES\u201d, afirmou Sanches.<\/p>\n<p style=\"text-align: justify;\">Ainda, segundo a professora, a s\u00f3lida forma\u00e7\u00e3o te\u00f3rico\/hist\u00f3rico\/instrumental dos discentes; bem como a oportunidade de aprimorar os conhecimentos por meio de participa\u00e7\u00e3o em programas de pesquisa e extens\u00e3o, juntando-se \u00e0 orienta\u00e7\u00e3o de uma forma\u00e7\u00e3o transformadora e \u00e9tica proporciona resultados diretos na vida profissional dos egressos.<\/p>\n","protected":false},"excerpt":{"rendered":"<p>Na pr\u00f3xima quarta-feira (02), o curso de Ci\u00eancias Econ\u00f4micas da Universidade Federal do Piau\u00ed comemora 40 anos. A data ser\u00e1 celebrada com uma homenagem a professores que j\u00e1 passaram pelo curso. A programa\u00e7\u00e3o conta ainda com palestra do Prof. Edson<\/p>\n<p><a class=\"more-link\" href=\"https:\/\/cofecon.org.br\/cofecon\/?p=905\">Leia Mais<\/a><\/p>\n","protected":false},"author":1,"featured_media":0,"comment_status":"open","ping_status":"open","sticky":false,"template":"","format":"standard","meta":{"footnotes":""},"categories":[2],"tags":[],"class_list":["post-905","post","type-post","status-publish","format-standard","hentry","category-noticias"],"_links":{"self":[{"href":"https:\/\/cofecon.org.br\/cofecon\/index.php?rest_route=\/wp\/v2\/posts\/905"}],"collection":[{"href":"https:\/\/cofecon.org.br\/cofecon\/index.php?rest_route=\/wp\/v2\/posts"}],"about":[{"href":"https:\/\/cofecon.org.br\/cofecon\/index.php?rest_route=\/wp\/v2\/types\/post"}],"author":[{"embeddable":true,"href":"https:\/\/cofecon.org.br\/cofecon\/index.php?rest_route=\/wp\/v2\/users\/1"}],"replies":[{"embeddable":true,"href":"https:\/\/cofecon.org.br\/cofecon\/index.php?rest_route=%2Fwp%2Fv2%2Fcomments&post=905"}],"version-history":[{"count":0,"href":"https:\/\/cofecon.org.br\/cofecon\/index.php?rest_route=\/wp\/v2\/posts\/905\/revisions"}],"wp:attachment":[{"href":"https:\/\/cofecon.org.br\/cofecon\/index.php?rest_route=%2Fwp%2Fv2%2Fmedia&parent=905"}],"wp:term":[{"taxonomy":"category","embeddable":true,"href":"https:\/\/cofecon.org.br\/cofecon\/index.php?rest_route=%2Fwp%2Fv2%2Fcategories&post=905"},{"taxonomy":"post_tag","embeddable":true,"href":"https:\/\/cofecon.org.br\/cofecon\/index.php?rest_route=%2Fwp%2Fv2%2Ftags&post=905"}],"curies":[{"name":"wp","href":"https:\/\/api.w.org\/{rel}","templated":true}]}}