{"id":896,"date":"2016-02-23T14:30:22","date_gmt":"2016-02-23T17:30:22","guid":{"rendered":"http:\/\/www.cofecon.org.br\/?p=896"},"modified":"2016-02-23T14:30:22","modified_gmt":"2016-02-23T17:30:22","slug":"conselheira-celina-ramalho-participara-de-debate-promovido-pelo-corecon-es","status":"publish","type":"post","link":"https:\/\/cofecon.org.br\/cofecon\/?p=896","title":{"rendered":"Conselheira Celina Ramalho participar\u00e1 de debate promovido pelo Corecon-ES"},"content":{"rendered":"<p style=\"text-align: justify;\"><img loading=\"lazy\" decoding=\"async\" class=\"size-medium wp-image-897 alignleft\" src=\"http:\/\/www.cofecon.org.br\/wp-content\/uploads\/2017\/06\/22-300x171.png\" alt=\"\" width=\"300\" height=\"171\" srcset=\"https:\/\/cofecon.org.br\/cofecon\/wp-content\/uploads\/2017\/06\/22-300x171.png 300w, https:\/\/cofecon.org.br\/cofecon\/wp-content\/uploads\/2017\/06\/22.png 679w\" sizes=\"(max-width: 300px) 100vw, 300px\" \/>Al\u00e9m do ajuste fiscal, de que reforma o Brasil precisa para crescer? Quais as solu\u00e7\u00f5es para a crise? Essas e outras quest\u00f5es ser\u00e3o debatidas no painel \u201cTend\u00eancias econ\u00f4micas e oportunidades de neg\u00f3cios para empresas\u201d, promovido pelo Conselho Regional de Economia do Esp\u00edrito Santo (Corecon-ES). O evento, realizado no dia 24 de fevereiro, \u00e0s 17h, no audit\u00f3rio do Bandes, contar\u00e1 com a presen\u00e7a da conselheira federal Celina Ramalho, doutora em Economia de Empresas pela Funda\u00e7\u00e3o Get\u00falio Vargas (FGV). O secret\u00e1rio de Estado de Desenvolvimento, Jos\u00e9 Eduardo Faria de Azevedo, tamb\u00e9m participar\u00e1 do debate.<\/p>\n<p style=\"text-align: justify;\">O evento contar\u00e1 com a presen\u00e7a do governador do Estado, Paulo Hartung, que far\u00e1 a abertura do painel de debate. Na ocasi\u00e3o, tamb\u00e9m haver\u00e1 a solenidade de posse dos novos conselheiros do Corecon, eleitos para o tri\u00eanio 2016\/2018.<\/p>\n<p style=\"text-align: justify;\">\u201cO cen\u00e1rio econ\u00f4mico previsto para 2016 \u00e9 de estagna\u00e7\u00e3o. A situa\u00e7\u00e3o \u00e9 mais dif\u00edcil no Esp\u00edrito Santo devido \u00e0 influ\u00eancia das commodities e \u00e0 paralisa\u00e7\u00e3o de neg\u00f3cios na \u00e1rea de minera\u00e7\u00e3o. \u00c9 papel dos economistas ir al\u00e9m do diagn\u00f3stico dos problemas, mostrando uma agenda positiva, com propostas para a supera\u00e7\u00e3o da crise. Vamos apresentar uma vis\u00e3o que ultrapasse o ajuste fiscal e falar tamb\u00e9m das oportunidades que existem para os brasileiros fora do Pa\u00eds\u201d, explicou o presidente do Corecon-ES, Eduardo Reis Ara\u00fajo.<\/p>\n<p style=\"text-align: justify;\">O evento \u00e9 aberto ao p\u00fablico. Os interessados devem se inscrever pelo site <a href=\"http:\/\/www.corecon-es.org.br\/\">www.corecon-es.org.br<\/a> ou pelo telefone 3223-0618.<\/p>\n<p style=\"text-align: justify;\"><strong>\u00a0<\/strong><\/p>\n<p style=\"text-align: justify;\"><strong><u>Servi\u00e7o<\/u><\/strong><\/p>\n<p style=\"text-align: justify;\"><strong>\u00a0<\/strong><\/p>\n<p style=\"text-align: justify;\"><strong>Painel: \u201cTend\u00eancias econ\u00f4micas e oportunidades de neg\u00f3cios para empresas\u201d<\/strong><\/p>\n<p style=\"text-align: justify;\"><strong>Dia:<\/strong> 24 de fevereiro, quarta-feira.<\/p>\n<p style=\"text-align: justify;\"><strong>Hor\u00e1rio:<\/strong> a partir das 17 horas<\/p>\n<p style=\"text-align: justify;\"><strong>Local:<\/strong> Audit\u00f3rio do Bandes, na Av. Princesa Izabel, 54, 10\u00b0 andar, Centro de Vit\u00f3ria<\/p>\n<p style=\"text-align: justify;\"><strong>Inscri\u00e7\u00f5es: <\/strong>pelo site <a href=\"http:\/\/www.corecon-es.org.br\/\">www.corecon-es.org.br<\/a> ou pelo telefone 3223-0618<\/p>\n<p style=\"text-align: justify;\"><strong><u>Programa\u00e7\u00e3o<\/u><\/strong><\/p>\n<p style=\"text-align: justify;\"><strong>17h \u2013<\/strong> Caf\u00e9 de relacionamento<\/p>\n<p style=\"text-align: justify;\"><strong>17h30 \u2013<\/strong> Mensagem de abertura e posse dos conselheiros eleitos<\/p>\n<p style=\"text-align: justify;\"><strong>17h40 \u2013 <\/strong>Mensagem do governador Paulo Hartung<\/p>\n<p style=\"text-align: justify;\"><strong>17h50 \u2013<\/strong> Painel: \u201cTend\u00eancias econ\u00f4micas e oportunidades de neg\u00f3cios para empresas\u201d<\/p>\n<p style=\"text-align: justify;\"><strong>18h40 \u2013<\/strong> Encerramento<\/p>\n<p style=\"text-align: justify;\"><strong>\u00a0<\/strong><\/p>\n<p style=\"text-align: justify;\"><strong><u>Conhe\u00e7a os debatedores<\/u><\/strong><\/p>\n<p style=\"text-align: justify;\"><strong>Celina Ramalho<\/strong><\/p>\n<p style=\"text-align: justify;\">Doutora em Economia de Empresas pela FGV. Professora e pesquisadora da Eaesp \u2013 Escola de Administra\u00e7\u00e3o de Empresas de S\u00e3o Paulo \u2013 FGV, Departamento de Planejamento e An\u00e1lise Econ\u00f4mica. Palestrante e consultora na \u00e1rea de cen\u00e1rios econ\u00f4micos e neg\u00f3cios. Tradutora de livros de economia, entre eles, \u201cEconomia Internacional\u201d \u2013 Paul Krugman. Organizadora do semin\u00e1rio anual \u201cLatin American Programme on Rethinking Macro and Development Economics\u201d, em parceria com a Cambridge University. Apresenta regularmente papers em congressos internacionais.<\/p>\n<p style=\"text-align: justify;\"><strong>Jos\u00e9 Eduardo Faria de Azevedo<\/strong><\/p>\n<p style=\"text-align: justify;\">Secret\u00e1rio de Desenvolvimento do Esp\u00edrito Santo. Possui forma\u00e7\u00e3o na \u00e1rea de Engenharia e \u00e9 p\u00f3s-graduado em Transportes e Gest\u00e3o P\u00fablica. J\u00e1 atuou como secret\u00e1rio de Planejamento, de Governo e de Projetos Especiais do Governo do Estado.<\/p>\n<p style=\"text-align: justify;\"><strong>Orlando Caliman<\/strong><\/p>\n<p style=\"text-align: justify;\">Mestre em Economia pela Arizona State University (EUA). Ex-professor de Economia da Ufes e ex-presidente do Bandes. Desenvolveu diversos estudos e pesquisas sobre economia e desenvolvimento do Esp\u00edrito Santo. Atuou e coordenou projetos de elabora\u00e7\u00e3o de planos de desenvolvimento local, regional, estadual e setorial. \u00c9 articulista semanal do jornal A Gazeta, s\u00f3cio diretor da Futura \u2013 Instituto de Pesquisa e membro fundador do Esp\u00edrito Santo em A\u00e7\u00e3o.<\/p>\n<p style=\"text-align: justify;\"><strong>Robson Antonio Grassi<\/strong><\/p>\n<p style=\"text-align: justify;\">Doutor em Economia pela UFRJ. Professor licenciado da Ufes, atuando como assessor da Funda\u00e7\u00e3o de Amparo \u00e0 Pesquisa do Esp\u00edrito Santo (Fapes). Tem experi\u00eancia na \u00e1rea de Economia Industrial, Mudan\u00e7a Tecnol\u00f3gica, Economia dos Custos de Transa\u00e7\u00e3o e Desenvolvimento Regional.<\/p>\n","protected":false},"excerpt":{"rendered":"<p>Al\u00e9m do ajuste fiscal, de que reforma o Brasil precisa para crescer? Quais as solu\u00e7\u00f5es para a crise? Essas e outras quest\u00f5es ser\u00e3o debatidas no painel \u201cTend\u00eancias econ\u00f4micas e oportunidades de neg\u00f3cios para empresas\u201d, promovido pelo Conselho Regional de Economia<\/p>\n<p><a class=\"more-link\" href=\"https:\/\/cofecon.org.br\/cofecon\/?p=896\">Leia Mais<\/a><\/p>\n","protected":false},"author":1,"featured_media":0,"comment_status":"open","ping_status":"open","sticky":false,"template":"","format":"standard","meta":{"footnotes":""},"categories":[2],"tags":[],"class_list":["post-896","post","type-post","status-publish","format-standard","hentry","category-noticias"],"_links":{"self":[{"href":"https:\/\/cofecon.org.br\/cofecon\/index.php?rest_route=\/wp\/v2\/posts\/896"}],"collection":[{"href":"https:\/\/cofecon.org.br\/cofecon\/index.php?rest_route=\/wp\/v2\/posts"}],"about":[{"href":"https:\/\/cofecon.org.br\/cofecon\/index.php?rest_route=\/wp\/v2\/types\/post"}],"author":[{"embeddable":true,"href":"https:\/\/cofecon.org.br\/cofecon\/index.php?rest_route=\/wp\/v2\/users\/1"}],"replies":[{"embeddable":true,"href":"https:\/\/cofecon.org.br\/cofecon\/index.php?rest_route=%2Fwp%2Fv2%2Fcomments&post=896"}],"version-history":[{"count":0,"href":"https:\/\/cofecon.org.br\/cofecon\/index.php?rest_route=\/wp\/v2\/posts\/896\/revisions"}],"wp:attachment":[{"href":"https:\/\/cofecon.org.br\/cofecon\/index.php?rest_route=%2Fwp%2Fv2%2Fmedia&parent=896"}],"wp:term":[{"taxonomy":"category","embeddable":true,"href":"https:\/\/cofecon.org.br\/cofecon\/index.php?rest_route=%2Fwp%2Fv2%2Fcategories&post=896"},{"taxonomy":"post_tag","embeddable":true,"href":"https:\/\/cofecon.org.br\/cofecon\/index.php?rest_route=%2Fwp%2Fv2%2Ftags&post=896"}],"curies":[{"name":"wp","href":"https:\/\/api.w.org\/{rel}","templated":true}]}}