{"id":893,"date":"2016-02-22T14:28:27","date_gmt":"2016-02-22T17:28:27","guid":{"rendered":"http:\/\/www.cofecon.org.br\/?p=893"},"modified":"2016-02-22T14:28:27","modified_gmt":"2016-02-22T17:28:27","slug":"negocios-sociais-como-oportunidade-de-carreira-para-economistas","status":"publish","type":"post","link":"https:\/\/cofecon.org.br\/cofecon\/?p=893","title":{"rendered":"Neg\u00f3cios sociais como oportunidade de carreira para economistas"},"content":{"rendered":"<p style=\"text-align: justify;\"><img loading=\"lazy\" decoding=\"async\" class=\"size-medium wp-image-894 alignleft\" src=\"http:\/\/www.cofecon.org.br\/wp-content\/uploads\/2017\/06\/21-300x171.jpg\" alt=\"\" width=\"300\" height=\"171\" srcset=\"https:\/\/cofecon.org.br\/cofecon\/wp-content\/uploads\/2017\/06\/21-300x171.jpg 300w, https:\/\/cofecon.org.br\/cofecon\/wp-content\/uploads\/2017\/06\/21.jpg 679w\" sizes=\"(max-width: 300px) 100vw, 300px\" \/>O presidente do Conselho Federal de Economia, J\u00falio Miragaya, e a conselheira federal Denise Kassama se reuniram com representantes da Yunus Social Business Brasil, organiza\u00e7\u00e3o que tem como objetivo desenvolver neg\u00f3cios sociais no pa\u00eds por meio de seu fundo de investimentos e aceleradora. O Cofecon ser\u00e1 parceiro da Yunus ao divulgar a economia social como uma oportunidade de carreira para os profissionais que tamb\u00e9m t\u00eam interesse em solucionar quest\u00f5es globais.<\/p>\n<p style=\"text-align: justify;\">Vitor Belota Gomes, representante da Yunus em Bras\u00edlia, explica que os neg\u00f3cios sociais nada t\u00eam a ver com voluntariado. \u201cO modelo consegue aliar o dinamismo do business tradicional com a consci\u00eancia da filantropia. As empresas s\u00e3o autossustent\u00e1veis financeiramente e n\u00e3o distribuem dividendos. Ao lucrar, a verba \u00e9 reinvestida na empresa para que o impacto social seja cada vez maior. Como consequ\u00eancia, temos o equil\u00edbrio da distribui\u00e7\u00e3o de renda\u201d, destaca.<\/p>\n<p style=\"text-align: justify;\">O primeiro passo da parceria ser\u00e1 a confec\u00e7\u00e3o de material gr\u00e1fico com informa\u00e7\u00f5es sobre neg\u00f3cios sociais. O conte\u00fado ser\u00e1 constru\u00eddo pela Yunus e pelo Cofecon com o objetivo de direcionar a participa\u00e7\u00e3o dos economistas e mostrar que \u00e9 uma nova op\u00e7\u00e3o de neg\u00f3cios. \u201cNo sistema capitalista, o lucro se tornou uma obsess\u00e3o, independentemente do impacto que isso pode gerar para a sociedade. A parceria com a Yunus \u00e9 uma oportunidade de o Conselho ampliar a intera\u00e7\u00e3o com a sociedade e contribuir com a resolu\u00e7\u00e3o de quest\u00f5es sociais que impactam a todos n\u00f3s. Por meio dos Conselhos Regionais podemos envolver centenas de economistas de todo o Brasil nesse projeto\u201d, afirmou o presidente do Cofecon, J\u00falio Miragaya.<\/p>\n<p style=\"text-align: justify;\">A conselheira federal Denise Kassama, que coordenou no Corecon Amazonas o projeto Economistas Solid\u00e1rios, compartilhou esta experi\u00eancia que mobilizou mais de 1.200 pessoas no estado. A economista ser\u00e1 respons\u00e1vel, no Cofecon, pela coordena\u00e7\u00e3o das atividades referentes ao tema.<\/p>\n<p style=\"text-align: justify;\"><strong>Curso<\/strong><\/p>\n<p style=\"text-align: justify;\">A Yunus realizar\u00e1 em mar\u00e7o deste ano o Primeiro Ciclo de Acelera\u00e7\u00e3o para Grandes Corpora\u00e7\u00f5es. As inscri\u00e7\u00f5es devem ser feitas at\u00e9 o dia <strong>29 de fevereiro<\/strong> no site da institui\u00e7\u00e3o (<a href=\"http:\/\/www.yunusnegociossociais.com\">http:\/\/www.yunusnegociossociais.com<\/a>). O curso \u00e9 voltado para empresas interessadas em desenvolver um neg\u00f3cio social e contribuir para a erradica\u00e7\u00e3o de algum problema social no Brasil e no mundo. \u201cSua empresa ganhar\u00e1 um importante prop\u00f3sito que engajar\u00e1 e reter\u00e1 seus maiores talentos, al\u00e9m de trazer importantes inova\u00e7\u00f5es que poder\u00e3o ser utilizadas n\u00e3o apenas em seu neg\u00f3cio social mas em seu business tradicional\u201d. Parceiros conformados do programa: Singularity University, Mandalah, Data Popular, League of Intrapreneurs, BOX1824, Funda\u00e7\u00e3o Dom Cabral e Bank of America.<\/p>\n<p>&nbsp;<\/p>\n","protected":false},"excerpt":{"rendered":"<p>O presidente do Conselho Federal de Economia, J\u00falio Miragaya, e a conselheira federal Denise Kassama se reuniram com representantes da Yunus Social Business Brasil, organiza\u00e7\u00e3o que tem como objetivo desenvolver neg\u00f3cios sociais no pa\u00eds por meio de seu fundo de<\/p>\n<p><a class=\"more-link\" href=\"https:\/\/cofecon.org.br\/cofecon\/?p=893\">Leia Mais<\/a><\/p>\n","protected":false},"author":1,"featured_media":0,"comment_status":"open","ping_status":"open","sticky":false,"template":"","format":"standard","meta":{"footnotes":""},"categories":[2],"tags":[],"class_list":["post-893","post","type-post","status-publish","format-standard","hentry","category-noticias"],"_links":{"self":[{"href":"https:\/\/cofecon.org.br\/cofecon\/index.php?rest_route=\/wp\/v2\/posts\/893"}],"collection":[{"href":"https:\/\/cofecon.org.br\/cofecon\/index.php?rest_route=\/wp\/v2\/posts"}],"about":[{"href":"https:\/\/cofecon.org.br\/cofecon\/index.php?rest_route=\/wp\/v2\/types\/post"}],"author":[{"embeddable":true,"href":"https:\/\/cofecon.org.br\/cofecon\/index.php?rest_route=\/wp\/v2\/users\/1"}],"replies":[{"embeddable":true,"href":"https:\/\/cofecon.org.br\/cofecon\/index.php?rest_route=%2Fwp%2Fv2%2Fcomments&post=893"}],"version-history":[{"count":0,"href":"https:\/\/cofecon.org.br\/cofecon\/index.php?rest_route=\/wp\/v2\/posts\/893\/revisions"}],"wp:attachment":[{"href":"https:\/\/cofecon.org.br\/cofecon\/index.php?rest_route=%2Fwp%2Fv2%2Fmedia&parent=893"}],"wp:term":[{"taxonomy":"category","embeddable":true,"href":"https:\/\/cofecon.org.br\/cofecon\/index.php?rest_route=%2Fwp%2Fv2%2Fcategories&post=893"},{"taxonomy":"post_tag","embeddable":true,"href":"https:\/\/cofecon.org.br\/cofecon\/index.php?rest_route=%2Fwp%2Fv2%2Ftags&post=893"}],"curies":[{"name":"wp","href":"https:\/\/api.w.org\/{rel}","templated":true}]}}