{"id":891,"date":"2016-02-21T14:26:04","date_gmt":"2016-02-21T17:26:04","guid":{"rendered":"http:\/\/www.cofecon.org.br\/?p=891"},"modified":"2016-02-21T14:26:04","modified_gmt":"2016-02-21T17:26:04","slug":"leitura-prazerosa-em-dose-dupla","status":"publish","type":"post","link":"https:\/\/cofecon.org.br\/cofecon\/?p=891","title":{"rendered":"Artigo &#8211; Leitura prazerosa em dose dupla"},"content":{"rendered":"<p style=\"text-align: justify;\">Nada como um recesso para colocar a leitura em dia. E, quando ela consegue ser agrad\u00e1vel e de boa qualidade ao mesmo tempo, flui que \u00e9 uma beleza. Foi o que me aconteceu nesse recesso proporcionado pelos feriados do reinado de Momo. Precavido, me abasteci de quatro livros, mesmo sabendo que a leitura dos mesmos me consumiria bem mais do que os poucos dias de recesso.<\/p>\n<p style=\"text-align: justify;\">De fato, consegui dar cabo de apenas dois dos quatro. Eles, no entanto, me proporcionaram uma leitura t\u00e3o gostosa, que me vi na obriga\u00e7\u00e3o de compartilhar imediatamente com os amigos internautas. Quem sabe n\u00e3o serve de inspira\u00e7\u00e3o para pessoas que n\u00e3o enfrentem tantas restri\u00e7\u00f5es de tempo e possam desfrutar da leitura deles a qualquer momento.<\/p>\n<p style=\"text-align: justify;\">Os dois possuem o mesmo estilo, uma vez que s\u00e3o livros constitu\u00eddos por verbetes ou cita\u00e7\u00f5es. Dessa forma, oferecem ao leitor a possibilidade de serem lidos na \u00edntegra, do princ\u00edpio ao fim, ou em doses homeop\u00e1ticas, com a leitura dos verbetes ou das cita\u00e7\u00f5es que forem de maior interesse. Costumo me referir a livros dessa natureza como oportunidades de obten\u00e7\u00e3o de conhecimento em p\u00edlulas&#8230; ou em verbetes.<\/p>\n<p style=\"text-align: justify;\">O primeiro que li com enorme voracidade foi <strong><em>A economia na palma da m\u00e3o<\/em><\/strong>, de autoria de Carlos Eduardo S. Gon\u00e7alves e Bruno Cara Giovannetti, ambos professores da FEA-USP, embora o primeiro se encontre trabalhando atualmente como economista s\u00eanior do Fundo Monet\u00e1rio Internacional (FMI).<\/p>\n<p style=\"text-align: justify;\">Carlos Eduardo S. Gon\u00e7alves, conhecido entre seus pares e amigos como Cadu, se especializou num tipo extremamente interessante de literatura, qual seja, escrever de forma simples e acess\u00edvel sobre tema t\u00e3o complexo como a economia. Nessa linha, que teve como grande destaque o <em>best seller<\/em> <strong><em>Freakonomics<\/em><\/strong>, Cadu j\u00e1 havia publicado <strong><em>Sob a lupa\u00a0 do economista<\/em><\/strong>, com Mauro Rodrigues, e <strong><em>Economia sem truques<\/em><\/strong>, com Bernardo Guimar\u00e3es. Neles, a exemplo do que ocorre com <strong><em>A economia na palma da m\u00e3o<\/em><\/strong>, discorre sobre temas econ\u00f4micos por meio de uma abordagem fluida \u00e9 acess\u00edvel, sem jamais abrir m\u00e3o do rigor acad\u00eamico e da precis\u00e3o anal\u00edtica. Neste seu livro mais recente, ele se ocupa dos verbetes relacionados \u00e0 economia em geral, enquanto seu parceiro Bruno Giovannetti aborda os verbetes relacionados especificamente \u00e0 economia financeira.<\/p>\n<p style=\"text-align: justify;\">O resultado atingido por eles \u00e9 extraordin\u00e1rio, pois conseguem derrubar o mito de que a economia, al\u00e9m de ser conhecida como uma &#8220;ci\u00eancia l\u00fagubre&#8221;, \u00e9 possuidora de um jarg\u00e3o pr\u00f3prio, o econom\u00eas, absolutamente incompreens\u00edvel para as pessoas comuns, n\u00e3o especializadas em tema t\u00e3o complexo.<\/p>\n<p style=\"text-align: justify;\">Ainda que, em minha opini\u00e3o, a primeira parte, de responsabilidade de Carlos Eduardo S. Gon\u00e7alves, proporcione mais prazer ao leitor, seja pela maior experi\u00eancia do autor, seja pela menor complexidade relativa dos verbetes, a segunda parte, de responsabilidade de Bruno Giovannetti, tamb\u00e9m consegue oferecer, dentro do poss\u00edvel, um enfoque compreens\u00edvel sobre os intrincados meandros do mundo das finan\u00e7as, culminando com uma did\u00e1tica an\u00e1lise da crise de 2008, cuja leitura tornar\u00e1 mais f\u00e1cil o entendimento do excelente filme <strong><em>A grande aposta<\/em><\/strong>, em cartaz nos nossos cinemas.<\/p>\n<p style=\"text-align: justify;\">O segundo livro devorado com voracidade semelhante foi <strong><em>Antologia da maldade<\/em><\/strong>, de autoria de Gustavo H. B. Franco, ex-presidente do Banco Central, professor da PUC-RJ e s\u00f3cio-fundador da Rio Bravo Investimentos, e Fabio Giambiagi, economista com mestrado pela UFRJ, que integra os quadros do BNDES, com passagens pelo Banco Interamericano de Desenvolvimento (BID), em Washington, pelo Minist\u00e9rio do Planejamento e pelo Instituto de Pesquisa Econ\u00f4mica Aplicada (IPEA).<\/p>\n<p style=\"text-align: justify;\">Como bem observa Merval Pereira, o livro \u201c\u00e9 mais do que um dicion\u00e1rio de cita\u00e7\u00f5es, uma vez que seus organizadores n\u00e3o se limitaram a repetir a l\u00f3gica tradicional de associa\u00e7\u00e3o entre frases e verbetes, assim como n\u00e3o se contentaram com o repert\u00f3rio usual de m\u00e1ximas e aforismos. A \u2018maldade\u2019 do t\u00edtulo decorre justamente das combina\u00e7\u00f5es que prop\u00f5em e da atualiza\u00e7\u00e3o radical do conjunto de cita\u00e7\u00f5es\u201d.<\/p>\n<p style=\"text-align: justify;\">Sem se limitar ao mundo da economia, embora perten\u00e7a a ele a maior parte das cita\u00e7\u00f5es, Gustavo Franco e Fabio Giambiagi, re\u00fanem verdadeiras p\u00e9rolas da sabedoria universal, algumas mais conhecidas do que outras, alternando nomes do Brasil e do exterior, e propiciando ao leitor momentos de agrad\u00e1vel sensa\u00e7\u00e3o, pontilhados, n\u00e3o raras vezes, de passagens bem humoradas e de sutil intelig\u00eancia.<\/p>\n<p style=\"text-align: justify;\">No esfor\u00e7o empreendido na sele\u00e7\u00e3o das cita\u00e7\u00f5es, os autores chegaram mesmo, diante da aus\u00eancia de documenta\u00e7\u00e3o confi\u00e1vel, a recorrer \u00e0 lenda, \u201csem preju\u00edzo algum\u201d, segundo eles, \u201cpara os envolvidos, que parecem acess\u00f3rios de um processo evolutivo que vai tornando a sabedoria ainda mais aguda\u201d. Para estimular a curiosidade dos amigos internautas, reproduzo apenas um trecho contido na <em>Apresenta\u00e7\u00e3o<\/em>, referente a um epis\u00f3dio envolvendo o dramaturgo irland\u00eas George Bernard Shaw e o ex-primeiro ministro brit\u00e2nico Winston Churchill. No referido epis\u00f3dio, Bernard Shaw envia um telegrama a Churchill convidando-o para a <em>premi\u00e8re<\/em> de uma de suas pe\u00e7as com o seguinte texto: \u201cReservei-lhe dois ingressos para a estreia de minha nova pe\u00e7a. Venha e traga um amigo, se o tiver\u201d. A resposta de Churchill, sempre segundo a lenda, teria sido no mesmo tom: \u201cImposs\u00edvel assistir \u00e0 estreia. Assistirei \u00e0 segunda apresenta\u00e7\u00e3o, se houver\u201d.<\/p>\n<p style=\"text-align: justify;\">\u00c9 por tiradas dotadas de fina ironia como esta que recomendo vigorosamente a leitura de <strong><em>Antologia da maldade<\/em><\/strong>.<\/p>\n<p style=\"text-align: justify;\"><strong><u>Refer\u00eancias bibliogr\u00e1ficas<\/u><\/strong><\/p>\n<p style=\"text-align: justify;\">DUBNER, Stephen J., e LEVITT, Steven D. <strong>Freakonomics: o lado oculto e inesperado de tudo o que nos afeta: as revela\u00e7\u00f5es de um economista original e politicamente incorreto. <\/strong>Tradu\u00e7\u00e3o de Regina Lyra. Rio de Janeiro: Elsevier, 2005.<\/p>\n<p style=\"text-align: justify;\">FRANCO, Gustavo H. B. e GIAMBIAGI, Fabio. <strong>Antologia da maldade: um dicion\u00e1rio de cita\u00e7\u00f5es, associa\u00e7\u00f5es il\u00edcitas e liga\u00e7\u00f5es perigosas.<\/strong> Rio de Janeiro: Zahar, 2015.<\/p>\n<p style=\"text-align: justify;\">GON\u00c7ALVES, Carlos Eduardo S. e GIOVANNETTI, Bruno Cara. <strong>A economia na palma da m\u00e3o: do econom\u00eas ao portugu\u00eas.<\/strong> S\u00e3o Paulo: Benvir\u00e1, 2015.<\/p>\n<p style=\"text-align: justify;\">GON\u00c7ALVES, Carlos Eduardo S. e RODRIGUES, Mauro. <strong>Sob a lupa do economista: uma an\u00e1lise econ\u00f4mica sobre bruxaria, futebol, terrorismo, bilheterias de cinema e outros temas inusitados.<\/strong> Rio de Janeiro: Elsevier, 2009.<\/p>\n<p style=\"text-align: justify;\">GON\u00c7ALVES, Carlos Eduardo S. e GUIMAR\u00c3ES, Bernardo. <strong>Economia sem truques: o mundo a partir das escolhas de cada um.<\/strong> Rio de Janeiro: Elsevier, 2008.<\/p>\n<p style=\"text-align: justify;\"><strong><u>Refer\u00eancia cinematogr\u00e1fica<\/u><\/strong><\/p>\n<p style=\"text-align: justify;\">T\u00edtulo:<strong> A grande aposta<br \/>\n <\/strong>Dire\u00e7\u00e3o: Adam McKay<br \/>\n Produtores: Dede Gardner, Brad Pitt, Jeremy Kleiner e Arnon Milchan<br \/>\n Elenco: Christian Bale, Steve Carell, Ryan Gosling, John Magaro, Brad Pitt<br \/>\n Ano de produ\u00e7\u00e3o: 2015<br \/>\n Dura\u00e7\u00e3o: 130 minutos<\/p>\n<p style=\"text-align: justify;\"><strong>Luiz Alberto Machado &#8211; <span style=\"font-size: 10pt; font-family: verdana,geneva;\">Economista, conselheiro federal, diretor da Faculdade de Economia da FAAP.<\/span><\/strong><\/p>\n","protected":false},"excerpt":{"rendered":"<p>Nada como um recesso para colocar a leitura em dia. E, quando ela consegue ser agrad\u00e1vel e de boa qualidade ao mesmo tempo, flui que \u00e9 uma beleza. Foi o que me aconteceu nesse recesso proporcionado pelos feriados do reinado<\/p>\n<p><a class=\"more-link\" href=\"https:\/\/cofecon.org.br\/cofecon\/?p=891\">Leia Mais<\/a><\/p>\n","protected":false},"author":1,"featured_media":0,"comment_status":"open","ping_status":"open","sticky":false,"template":"","format":"standard","meta":{"footnotes":""},"categories":[6],"tags":[],"class_list":["post-891","post","type-post","status-publish","format-standard","hentry","category-artigo"],"_links":{"self":[{"href":"https:\/\/cofecon.org.br\/cofecon\/index.php?rest_route=\/wp\/v2\/posts\/891"}],"collection":[{"href":"https:\/\/cofecon.org.br\/cofecon\/index.php?rest_route=\/wp\/v2\/posts"}],"about":[{"href":"https:\/\/cofecon.org.br\/cofecon\/index.php?rest_route=\/wp\/v2\/types\/post"}],"author":[{"embeddable":true,"href":"https:\/\/cofecon.org.br\/cofecon\/index.php?rest_route=\/wp\/v2\/users\/1"}],"replies":[{"embeddable":true,"href":"https:\/\/cofecon.org.br\/cofecon\/index.php?rest_route=%2Fwp%2Fv2%2Fcomments&post=891"}],"version-history":[{"count":0,"href":"https:\/\/cofecon.org.br\/cofecon\/index.php?rest_route=\/wp\/v2\/posts\/891\/revisions"}],"wp:attachment":[{"href":"https:\/\/cofecon.org.br\/cofecon\/index.php?rest_route=%2Fwp%2Fv2%2Fmedia&parent=891"}],"wp:term":[{"taxonomy":"category","embeddable":true,"href":"https:\/\/cofecon.org.br\/cofecon\/index.php?rest_route=%2Fwp%2Fv2%2Fcategories&post=891"},{"taxonomy":"post_tag","embeddable":true,"href":"https:\/\/cofecon.org.br\/cofecon\/index.php?rest_route=%2Fwp%2Fv2%2Ftags&post=891"}],"curies":[{"name":"wp","href":"https:\/\/api.w.org\/{rel}","templated":true}]}}