{"id":8903,"date":"2019-09-13T14:55:48","date_gmt":"2019-09-13T17:55:48","guid":{"rendered":"https:\/\/www.cofecon.org.br\/?p=8903"},"modified":"2019-09-13T14:55:48","modified_gmt":"2019-09-13T17:55:48","slug":"artigo-por-um-sistema-tributario-simples-e-justo","status":"publish","type":"post","link":"https:\/\/cofecon.org.br\/cofecon\/?p=8903","title":{"rendered":"Artigo &#8211; Por um sistema tribut\u00e1rio simples e justo"},"content":{"rendered":"\n<p><span style=\"font-size: medium;\">A CPMF (Contribui\u00e7\u00e3o Provis\u00f3ria sobre Movimenta\u00e7\u00e3o Financeira) foi criada em 1994 e extinta em 2007, agora vem sendo divulgada como uma das alternativas para aumentar a arrecada\u00e7\u00e3o e substituir os tributos cobrados sobre a folha de pagamento das empresas, com a justificativa de contribuir para a retomada da economia. <\/span><\/p>\n<p><span style=\"font-size: medium;\">A antiga foi criada com uma al\u00edquota de 0,2%, chegando a at\u00e9 0,38%, quando os recursos arrecadados passaram a ser dividido assim: 0,2% para sa\u00fade, 0,1% para Previd\u00eancia e 0,08% para o Fundo de Combate e Erradica\u00e7\u00e3o da Pobreza. O novo imposto seria destinado ao pagamento da Previd\u00eancia, compensando isen\u00e7\u00f5es sobre a folha de pagamento das empresas.<\/span><\/p>\n<p><span style=\"font-size: medium;\">A Organiza\u00e7\u00e3o para a Coopera\u00e7\u00e3o e Desenvolvimento Econ\u00f4mico (OCDE), grupo de pa\u00edses desenvolvidos, aponta que o imposto sobre transa\u00e7\u00f5es financeiras \u00e9 um dos mais prejudiciais para o crescimento da economia. Trata-se de um imposto cumulativo que ir\u00e1 gerar distor\u00e7\u00f5es entre os setores da economia, onerando e prejudicando aqueles com a cadeia produtiva com mais etapas, al\u00e9m de ser um imposto regressivo.<\/span><\/p>\n<p><span style=\"font-size: medium;\">O Brasil precisa de um sistema tribut\u00e1rio mais simples e racional, que reduza os impostos sobre o consumo e eleve aqueles sobre a renda, patrim\u00f4nio e lucro; contribuindo para a justi\u00e7a social dentro da l\u00f3gica de quem pode mais paga mais, j\u00e1 quem pode menos paga menos.<\/span><\/p>\n<p><span style=\"font-size: medium;\"><b>Lauro Chaves Neto \u2013 Consultor, Professor Doutor da UECE e Conselheiro do Conselho Federal de Economia.<\/b><\/span><\/p>\n","protected":false},"excerpt":{"rendered":"","protected":false},"author":1,"featured_media":8904,"comment_status":"closed","ping_status":"closed","sticky":false,"template":"","format":"standard","meta":{"footnotes":""},"categories":[6],"tags":[],"class_list":["post-8903","post","type-post","status-publish","format-standard","has-post-thumbnail","hentry","category-artigo"],"_links":{"self":[{"href":"https:\/\/cofecon.org.br\/cofecon\/index.php?rest_route=\/wp\/v2\/posts\/8903"}],"collection":[{"href":"https:\/\/cofecon.org.br\/cofecon\/index.php?rest_route=\/wp\/v2\/posts"}],"about":[{"href":"https:\/\/cofecon.org.br\/cofecon\/index.php?rest_route=\/wp\/v2\/types\/post"}],"author":[{"embeddable":true,"href":"https:\/\/cofecon.org.br\/cofecon\/index.php?rest_route=\/wp\/v2\/users\/1"}],"replies":[{"embeddable":true,"href":"https:\/\/cofecon.org.br\/cofecon\/index.php?rest_route=%2Fwp%2Fv2%2Fcomments&post=8903"}],"version-history":[{"count":0,"href":"https:\/\/cofecon.org.br\/cofecon\/index.php?rest_route=\/wp\/v2\/posts\/8903\/revisions"}],"wp:featuredmedia":[{"embeddable":true,"href":"https:\/\/cofecon.org.br\/cofecon\/index.php?rest_route=\/wp\/v2\/media\/8904"}],"wp:attachment":[{"href":"https:\/\/cofecon.org.br\/cofecon\/index.php?rest_route=%2Fwp%2Fv2%2Fmedia&parent=8903"}],"wp:term":[{"taxonomy":"category","embeddable":true,"href":"https:\/\/cofecon.org.br\/cofecon\/index.php?rest_route=%2Fwp%2Fv2%2Fcategories&post=8903"},{"taxonomy":"post_tag","embeddable":true,"href":"https:\/\/cofecon.org.br\/cofecon\/index.php?rest_route=%2Fwp%2Fv2%2Ftags&post=8903"}],"curies":[{"name":"wp","href":"https:\/\/api.w.org\/{rel}","templated":true}]}}