{"id":889,"date":"2016-02-19T14:21:20","date_gmt":"2016-02-19T16:21:20","guid":{"rendered":"http:\/\/www.cofecon.org.br\/?p=889"},"modified":"2016-02-19T14:21:20","modified_gmt":"2016-02-19T16:21:20","slug":"corecon-es-consegue-retificacao-de-edital-de-concurso","status":"publish","type":"post","link":"https:\/\/cofecon.org.br\/cofecon\/?p=889","title":{"rendered":"Corecon-ES consegue retifica\u00e7\u00e3o de edital de concurso"},"content":{"rendered":"<p style=\"text-align: justify;\">O Conselho Regional de Economia (Corecon-ES) conseguiu a retifica\u00e7\u00e3o do edital de um concurso p\u00fablico da Prefeitura de Concei\u00e7\u00e3o do Castelo para preenchimento de vaga de auditor p\u00fablico interno. A entidade encaminhou of\u00edcio \u00e0 Promotoria de Justi\u00e7a do munic\u00edpio, \u00e0 banca organizadora da sele\u00e7\u00e3o e \u00e0 prefeitura solicitando a inclus\u00e3o da forma\u00e7\u00e3o de economista na qualifica\u00e7\u00e3o para o cargo e o pedido foi acatado pela comiss\u00e3o do processo seletivo.<\/p>\n<p style=\"text-align: justify;\">O edital da sele\u00e7\u00e3o previa vaga apenas para graduados em Direito e Ci\u00eancias Cont\u00e1beis. No entanto, em resposta \u00e0 solicita\u00e7\u00e3o do setor de fiscaliza\u00e7\u00e3o do Corecon-ES, a comiss\u00e3o organizadora do concurso ir\u00e1 retificar o edital, refazendo o calend\u00e1rio da sele\u00e7\u00e3o para contemplar novo per\u00edodo de inscri\u00e7\u00f5es. Tamb\u00e9m ser\u00e1 marcada uma nova data para a prova.<\/p>\n<p style=\"text-align: justify;\">Para o cargo de auditor p\u00fablico interno, \u00e9 oferecida uma vaga, al\u00e9m de forma\u00e7\u00e3o de cadastro de reserva, com sal\u00e1rio de R$ 2.403,77. A carga hor\u00e1ria \u00e9 de 30 horas semanais.<\/p>\n<p style=\"text-align: justify;\">Segundo Eduardo Ara\u00fajo, presidente do Corecon-ES, o setor de fiscaliza\u00e7\u00e3o do Conselho tem obtido bons resultados ao monitorar concursos p\u00fablicos realizados no Esp\u00edrito Santo, garantindo mais vagas para economistas nas sele\u00e7\u00f5es. Tr\u00eas munic\u00edpios tiveram recentemente de alterar editais ap\u00f3s interfer\u00eancia da entidade: Colatina, Ibatiba e Santa Maria de Jetib\u00e1.<\/p>\n<p style=\"text-align: justify;\">Veja o que informa a promotora de Justi\u00e7a Andr\u00e9a Heidenreich Melo em seu parecer sobre o concurso da Prefeitura de Concei\u00e7\u00e3o do Castelo:<\/p>\n<p style=\"text-align: justify;\">\u201cO CORECON \u2013 Conselho Regional de Economia, por meio do of\u00edcio n\u00ba 002\/2015, enviado ao Minist\u00e9rio P\u00fablico Estadual, pugna pela retifica\u00e7\u00e3o do edital do concurso, para que seja inclu\u00edda a possibilidade de inscri\u00e7\u00e3o de profissionais de Economia na disputa da vaga de Auditor P\u00fablico Interno do Munic\u00edpio.<\/p>\n<p style=\"text-align: justify;\">No entendimento da entidade de classe, as atividades constantes do edital podem ser bem desempenhadas pelos profissionais de Ci\u00eancias Econ\u00f4micas \u2013 economistas, estando estes, plenamente habilitados. Aduz que esse direito \u00e9 consagrado na Lei Federal n\u00ba 1.411\/51 e no Decreto n\u00ba 31.794\/52, sendo um dever do ente p\u00fablico, no caso, o Munic\u00edpio de Concei\u00e7\u00e3o do Castelo, conferir tal direito ao profissional de ci\u00eancias econ\u00f4micas.<\/p>\n<p style=\"text-align: justify;\">Perfazendo uma an\u00e1lise perfunct\u00f3ria e comparativa das atribui\u00e7\u00f5es dos profissionais em Ci\u00eancias Econ\u00f4micas, tais como descritas na Lei n\u00ba 1.411\/52 e no Decreto n\u00ba <a href=\"http:\/\/www.jusbrasil.com.br\/legislacao\/116577\/decreto-31794-52\">31.794<\/a>\/52 (art. 3\u00ba) com as atividades a serem desempenhadas pelo profissional Auditor de Controle Interno, tais como enumeradas no Edital do certame da Prefeitura de Concei\u00e7\u00e3o do Castelo\/ES, h\u00e1 como se inferir que as atribui\u00e7\u00f5es legais do Economista se subsumem as atividades descritas no edital do certame em quest\u00e3o.<\/p>\n<p style=\"text-align: justify;\">Sendo assim, visando a atender ao princ\u00edpio constitucional da isonomia e propiciar ampla participa\u00e7\u00e3o de interessados no concurso p\u00fablico de modo impessoal, amplo e democr\u00e1tico, onde seja assegurada a igualdade de oportunidades a todos interessados em concorrer para exercer as atribui\u00e7\u00f5es oferecidas pelo Munic\u00edpio, a quem incumbir\u00e1 identificar e selecionar os participantes mais adequados mediante crit\u00e9rios objetivos, opina o Minist\u00e9rio P\u00fablico pelo atendimento \u00e0 solicita\u00e7\u00e3o feita pelo CORECON.<\/p>\n<p style=\"text-align: justify;\">Para atender a tal mister, recomenda o Minist\u00e9rio P\u00fablico, como base em decis\u00e3o j\u00e1 proferida em caso similar (processo n\u00ba 2015.50.05.130651-6), proferida pelo Ju\u00edzo de Colatina\/ES, que o Munic\u00edpio retifique o edital e, ap\u00f3s, refa\u00e7a o calend\u00e1rio do concurso de modo a contemplar novo per\u00edodo de inscri\u00e7\u00f5es, inclusive com marca\u00e7\u00e3o de nova data para a prova que dever\u00e1 respeitar por analogia o que determina o art. 18 do Decreto n 6.944\/2009.\u201d<\/p>\n","protected":false},"excerpt":{"rendered":"<p>O Conselho Regional de Economia (Corecon-ES) conseguiu a retifica\u00e7\u00e3o do edital de um concurso p\u00fablico da Prefeitura de Concei\u00e7\u00e3o do Castelo para preenchimento de vaga de auditor p\u00fablico interno. A entidade encaminhou of\u00edcio \u00e0 Promotoria de Justi\u00e7a do munic\u00edpio, \u00e0<\/p>\n<p><a class=\"more-link\" href=\"https:\/\/cofecon.org.br\/cofecon\/?p=889\">Leia Mais<\/a><\/p>\n","protected":false},"author":1,"featured_media":0,"comment_status":"open","ping_status":"open","sticky":false,"template":"","format":"standard","meta":{"footnotes":""},"categories":[2],"tags":[],"class_list":["post-889","post","type-post","status-publish","format-standard","hentry","category-noticias"],"_links":{"self":[{"href":"https:\/\/cofecon.org.br\/cofecon\/index.php?rest_route=\/wp\/v2\/posts\/889"}],"collection":[{"href":"https:\/\/cofecon.org.br\/cofecon\/index.php?rest_route=\/wp\/v2\/posts"}],"about":[{"href":"https:\/\/cofecon.org.br\/cofecon\/index.php?rest_route=\/wp\/v2\/types\/post"}],"author":[{"embeddable":true,"href":"https:\/\/cofecon.org.br\/cofecon\/index.php?rest_route=\/wp\/v2\/users\/1"}],"replies":[{"embeddable":true,"href":"https:\/\/cofecon.org.br\/cofecon\/index.php?rest_route=%2Fwp%2Fv2%2Fcomments&post=889"}],"version-history":[{"count":0,"href":"https:\/\/cofecon.org.br\/cofecon\/index.php?rest_route=\/wp\/v2\/posts\/889\/revisions"}],"wp:attachment":[{"href":"https:\/\/cofecon.org.br\/cofecon\/index.php?rest_route=%2Fwp%2Fv2%2Fmedia&parent=889"}],"wp:term":[{"taxonomy":"category","embeddable":true,"href":"https:\/\/cofecon.org.br\/cofecon\/index.php?rest_route=%2Fwp%2Fv2%2Fcategories&post=889"},{"taxonomy":"post_tag","embeddable":true,"href":"https:\/\/cofecon.org.br\/cofecon\/index.php?rest_route=%2Fwp%2Fv2%2Ftags&post=889"}],"curies":[{"name":"wp","href":"https:\/\/api.w.org\/{rel}","templated":true}]}}