{"id":841,"date":"2017-02-02T23:42:47","date_gmt":"2017-02-03T01:42:47","guid":{"rendered":"http:\/\/www.cofecon.org.br\/?p=841"},"modified":"2017-02-02T23:42:47","modified_gmt":"2017-02-03T01:42:47","slug":"julio-miragaya-e-reconduzido-a-presidencia-do-cofecon","status":"publish","type":"post","link":"https:\/\/cofecon.org.br\/cofecon\/?p=841","title":{"rendered":"J\u00falio Miragaya \u00e9 reconduzido \u00e0 presid\u00eancia do Cofecon"},"content":{"rendered":"<p style=\"text-align: justify;\">A cerim\u00f4nia de posse da nova presid\u00eancia do Conselho Federal de Economia ocorreu nesta quinta-feira, 2 de fevereiro, em Bras\u00edlia. O evento foi realizado no audit\u00f3rio da Associa\u00e7\u00e3o Comercial do Distrito Federal (ACDF) e reuniu cerca de 120 pessoas. O economistas J\u00falio Miragaya e Nei Cardim foram empossados como presidente e vice-presidente do Cofecon para 2017, sendo o primeiro reconduzido ao cargo e o segundo substituindo Odisnei B\u00e9ga.<\/p>\n<p style=\"text-align: justify;\">Tamb\u00e9m foram empossados como conselheiros efetivos para o tri\u00eanio 2017\/2019 os economistas Nelson Pamplona da Rosa, Paulo Brasil Corr\u00eaa de Mello, S\u00e9rgio Guimar\u00e3es Hardy, Waldir Pereira Gomes e Wellington Leonardo da Silva. Como suplentes, os economistas Evaldo Silva, Marcelo Pereira Fernandes, Maria do Socorro Erculano, Maur\u00edlio Proc\u00f3pio Gomes, Ricardo Val\u00e9rio Costa Menezes e Wilson Roberto Villas Boas Antunes. Todos eles receberam, das m\u00e3os do presidente, um certificado de posse.<\/p>\n<p style=\"text-align: justify;\">Participaram da mesa de abertura, ao lado de J\u00falio Miragaya e Nei Cardim, o presidente do Conselho Federal de Administra\u00e7\u00e3o (CFA), Wagner Siqueira; o presidente da ACDF, Cl\u00e9ber Pires; o presidente do Conselho Regional de Economia do Distrito Federal (Corecon-DF), Mario S\u00e9rgio Sallorenzo; o assessor pol\u00edtico da Confedera\u00e7\u00e3o Nacional dos Bispos do Brasil (CNBB), padre Paulo Renato; e o vice-presidente da Federa\u00e7\u00e3o Nacional dos Economistas (Fenecon), Flauzino Antunes Neto.<\/p>\n<p style=\"text-align: justify;\">O presidente do CFA afirmou que administradores e economistas devem se unir na constru\u00e7\u00e3o de um Brasil melhor. \u201cRespeitados os caminhos, as possibilidades, os tra\u00e7os, caracter\u00edsticas e especificidades de cada profiss\u00e3o, poderemos realizar atividades em conjunto que sejam de interesse dos cidad\u00e3os e com o objetivo de construir um Pa\u00eds mais justo e fraterno\u201d, afirmou Wagner Siqueira.<\/p>\n<p style=\"text-align: justify;\">O vice-presidente do Cofecon destacou que, para a gest\u00e3o ser bem sucedida, \u00e9 preciso que os Conselhos Regionais de Economia trabalhem em parceria cont\u00ednua com o Federal. \u201cO Cofecon faz parte de um Sistema e se n\u00e3o houver colabora\u00e7\u00e3o entre os membros desse Sistema, nenhuma administra\u00e7\u00e3o ter\u00e1 sucesso. Portanto, entendo que ao desejarem sucesso \u00e0 administra\u00e7\u00e3o do Conselho Federal de Economia, est\u00e3o concomitantemente desejando sucesso aos Conselhos Regionais, porque o sucesso de cada Corecon se traduz no sucesso do Conselho Federal. Esperamos contar com a colabora\u00e7\u00e3o de todos os presidentes e conselheiros regionais\u201d, refor\u00e7ou Nei Cardim.<\/p>\n<p style=\"text-align: justify;\">Em seu discurso de posse, o presidente J\u00falio Miragaya homenageou a ex-primeira-dama Marisa Let\u00edcia, que faleceu no dia do evento, solicitando a todos um minuto de sil\u00eancio. Em seguida, destacou as a\u00e7\u00f5es realizadas em 2016, como o aumento da participa\u00e7\u00e3o do Cofecon no debate nacional, a conclus\u00e3o da reforma da nova sede e a aquisi\u00e7\u00e3o de novos equipamentos de TI, telefonia e sonoriza\u00e7\u00e3o; a consolida\u00e7\u00e3o da elei\u00e7\u00e3o eletr\u00f4nica; a institui\u00e7\u00e3o do Cadastro Nacional de Peritos (Per\u00edcia Econ\u00f4mica e Financeira); a cria\u00e7\u00e3o do projeto \u2018Quero Ser Economista\u2019; e a amplia\u00e7\u00e3o da periodicidade da revista Economistas para trimestral.<\/p>\n<p style=\"text-align: justify;\">\u201cQuero agradecer tamb\u00e9m a dedica\u00e7\u00e3o e compet\u00eancia dos 28 funcion\u00e1rios do Conselho. E atribuir, a cada um dos conselheiros federais, titulares e suplentes, aos presidentes e conselheiros dos 27 conselhos regionais e a imensa gama de economistas que apoiaram e colaboraram com nossas atividades, todo o sucesso que tivemos em 2016 e que temos tido ao longo dos \u00faltimos anos em nosso Sistema\u201d, destacou. Ap\u00f3s o discurso, foi servido um coquetel como cortesia aos convidados.<\/p>\n<p style=\"text-align: justify;\"><img loading=\"lazy\" decoding=\"async\" class=\"\" src=\"http:\/\/www.cofecon.org.br\/images\/Posse_NovosConselheiros.jpg\" alt=\"Posse NovosConselheiros\" width=\"567\" height=\"317\" \/><\/p>\n<p style=\"text-align: justify;\"><strong>O presidente e o vice-presidente do Cofecon ao lado dos conselheiros rec\u00e9m-empossados.<\/strong><\/p>\n","protected":false},"excerpt":{"rendered":"<p>A cerim\u00f4nia de posse da nova presid\u00eancia do Conselho Federal de Economia ocorreu nesta quinta-feira, 2 de fevereiro, em Bras\u00edlia. O evento foi realizado no audit\u00f3rio da Associa\u00e7\u00e3o Comercial do Distrito Federal (ACDF) e reuniu cerca de 120 pessoas. O<\/p>\n<p><a class=\"more-link\" href=\"https:\/\/cofecon.org.br\/cofecon\/?p=841\">Leia Mais<\/a><\/p>\n","protected":false},"author":1,"featured_media":0,"comment_status":"open","ping_status":"open","sticky":false,"template":"","format":"standard","meta":{"footnotes":""},"categories":[2],"tags":[],"class_list":["post-841","post","type-post","status-publish","format-standard","hentry","category-noticias"],"_links":{"self":[{"href":"https:\/\/cofecon.org.br\/cofecon\/index.php?rest_route=\/wp\/v2\/posts\/841"}],"collection":[{"href":"https:\/\/cofecon.org.br\/cofecon\/index.php?rest_route=\/wp\/v2\/posts"}],"about":[{"href":"https:\/\/cofecon.org.br\/cofecon\/index.php?rest_route=\/wp\/v2\/types\/post"}],"author":[{"embeddable":true,"href":"https:\/\/cofecon.org.br\/cofecon\/index.php?rest_route=\/wp\/v2\/users\/1"}],"replies":[{"embeddable":true,"href":"https:\/\/cofecon.org.br\/cofecon\/index.php?rest_route=%2Fwp%2Fv2%2Fcomments&post=841"}],"version-history":[{"count":0,"href":"https:\/\/cofecon.org.br\/cofecon\/index.php?rest_route=\/wp\/v2\/posts\/841\/revisions"}],"wp:attachment":[{"href":"https:\/\/cofecon.org.br\/cofecon\/index.php?rest_route=%2Fwp%2Fv2%2Fmedia&parent=841"}],"wp:term":[{"taxonomy":"category","embeddable":true,"href":"https:\/\/cofecon.org.br\/cofecon\/index.php?rest_route=%2Fwp%2Fv2%2Fcategories&post=841"},{"taxonomy":"post_tag","embeddable":true,"href":"https:\/\/cofecon.org.br\/cofecon\/index.php?rest_route=%2Fwp%2Fv2%2Ftags&post=841"}],"curies":[{"name":"wp","href":"https:\/\/api.w.org\/{rel}","templated":true}]}}