{"id":732,"date":"2017-04-16T15:20:52","date_gmt":"2017-04-16T18:20:52","guid":{"rendered":"http:\/\/www.cofecon.org.br\/?p=732"},"modified":"2017-04-16T15:20:52","modified_gmt":"2017-04-16T18:20:52","slug":"previdencia-justa","status":"publish","type":"post","link":"https:\/\/cofecon.org.br\/cofecon\/?p=732","title":{"rendered":"Artigo &#8211; Previd\u00eancia Justa"},"content":{"rendered":"<div id=\"articlepxfontsize1\">\n<p style=\"text-align: justify;\">Reproduzo trechos da carta \u201cPor uma Previd\u00eancia Social justa e \u00e9tica\u201d divulgada pela Confer\u00eancia Nacional dos Bispos do Brasil (CNBB), a Ordem dos Advogados do Brasil (OAB) e o Conselho Federal de Economia (COFECON).<\/p>\n<p style=\"text-align: justify;\">\u201cNenhuma reforma que afete direitos b\u00e1sicos da popula\u00e7\u00e3o pode ser formulada sem a devida discuss\u00e3o com o conjunto da sociedade e suas organiza\u00e7\u00f5es. A Reforma da Previd\u00eancia n\u00e3o pode ser aprovada apressadamente, nem pode colocar os interesses do mercado financeiro e as raz\u00f5es de ordem econ\u00f4mica acima das necessidades da popula\u00e7\u00e3o. Os valores \u00e9tico-sociais e solid\u00e1rios s\u00e3o imprescind\u00edveis na busca de solu\u00e7\u00e3o para a Previd\u00eancia.<\/p>\n<p style=\"text-align: justify;\">As mudan\u00e7as nas regras da Seguridade Social devem garantir a prote\u00e7\u00e3o aos vulner\u00e1veis, idosos, titulares do Benef\u00edcio de Presta\u00e7\u00e3o Continuada, enfermos, acidentados, trabalhadores de baixa renda, trabalhadores rurais e mulheres.<\/p>\n<p style=\"text-align: justify;\">Sem n\u00fameros seguros e sem a compreens\u00e3o clara da gest\u00e3o da Previd\u00eancia, torna-se imposs\u00edvel uma discuss\u00e3o objetiva e honesta, motivo pelo qual urge uma auditoria na Previd\u00eancia Social. N\u00e3o \u00e9 correto, para justificar a proposta, comparar a situa\u00e7\u00e3o do Brasil com a dos pa\u00edses ricos, pois existem diferen\u00e7as profundas em termos de expectativa de vida, formaliza\u00e7\u00e3o do mercado de trabalho, escolaridade e sal\u00e1rios. No Brasil, 2\/3 dos aposentados e pensionistas recebem o benef\u00edcio m\u00ednimo, ou seja, um sal\u00e1rio m\u00ednimo e 52% n\u00e3o conseguem completar 25 anos de contribui\u00e7\u00e3o.<\/p>\n<p style=\"text-align: justify;\">A PEC 287 vai na dire\u00e7\u00e3o oposta \u00e0 necess\u00e1ria retomada do crescimento econ\u00f4mico e da gera\u00e7\u00e3o de empregos, na medida em que agrava a desigualdade social e provoca forte impacto negativo nas economias dos milhares de pequenos munic\u00edpios do Brasil.<\/p>\n<p style=\"text-align: justify;\">\u00c9 necess\u00e1rio que a sociedade brasileira esteja atenta \u00e0s amea\u00e7as de retrocesso. A ampla mobiliza\u00e7\u00e3o contra a retirada de direitos, arduamente conquistados, percept\u00edvel nas \u00faltimas manifesta\u00e7\u00f5es, tem for\u00e7ado o governo a adotar mudan\u00e7as. Debater com a sociedade para eliminar o car\u00e1ter reducionista de direitos\u201d.<\/p>\n<hr \/>\n<p><strong>J\u00falio Miragaya<\/strong>, Presidente do Conselho Federal de Economia<\/p>\n<\/div>\n","protected":false},"excerpt":{"rendered":"<p>Reproduzo trechos da carta \u201cPor uma Previd\u00eancia Social justa e \u00e9tica\u201d divulgada pela Confer\u00eancia Nacional dos Bispos do Brasil (CNBB), a Ordem dos Advogados do Brasil (OAB) e o Conselho Federal de Economia (COFECON). \u201cNenhuma reforma que afete direitos b\u00e1sicos<\/p>\n<p><a class=\"more-link\" href=\"https:\/\/cofecon.org.br\/cofecon\/?p=732\">Leia Mais<\/a><\/p>\n","protected":false},"author":1,"featured_media":0,"comment_status":"open","ping_status":"open","sticky":false,"template":"","format":"standard","meta":{"footnotes":""},"categories":[6],"tags":[],"class_list":["post-732","post","type-post","status-publish","format-standard","hentry","category-artigo"],"_links":{"self":[{"href":"https:\/\/cofecon.org.br\/cofecon\/index.php?rest_route=\/wp\/v2\/posts\/732"}],"collection":[{"href":"https:\/\/cofecon.org.br\/cofecon\/index.php?rest_route=\/wp\/v2\/posts"}],"about":[{"href":"https:\/\/cofecon.org.br\/cofecon\/index.php?rest_route=\/wp\/v2\/types\/post"}],"author":[{"embeddable":true,"href":"https:\/\/cofecon.org.br\/cofecon\/index.php?rest_route=\/wp\/v2\/users\/1"}],"replies":[{"embeddable":true,"href":"https:\/\/cofecon.org.br\/cofecon\/index.php?rest_route=%2Fwp%2Fv2%2Fcomments&post=732"}],"version-history":[{"count":0,"href":"https:\/\/cofecon.org.br\/cofecon\/index.php?rest_route=\/wp\/v2\/posts\/732\/revisions"}],"wp:attachment":[{"href":"https:\/\/cofecon.org.br\/cofecon\/index.php?rest_route=%2Fwp%2Fv2%2Fmedia&parent=732"}],"wp:term":[{"taxonomy":"category","embeddable":true,"href":"https:\/\/cofecon.org.br\/cofecon\/index.php?rest_route=%2Fwp%2Fv2%2Fcategories&post=732"},{"taxonomy":"post_tag","embeddable":true,"href":"https:\/\/cofecon.org.br\/cofecon\/index.php?rest_route=%2Fwp%2Fv2%2Ftags&post=732"}],"curies":[{"name":"wp","href":"https:\/\/api.w.org\/{rel}","templated":true}]}}