{"id":7188,"date":"2019-02-06T11:49:46","date_gmt":"2019-02-06T13:49:46","guid":{"rendered":"http:\/\/www.cofecon.org.br\/?p=7188"},"modified":"2019-02-06T11:49:46","modified_gmt":"2019-02-06T13:49:46","slug":"desenvolvimento-economico-e-pauta-de-reuniao-no-espirito-santo","status":"publish","type":"post","link":"https:\/\/cofecon.org.br\/cofecon\/?p=7188","title":{"rendered":"Desenvolvimento Econ\u00f4mico \u00e9 pauta de reuni\u00e3o no Esp\u00edrito Santo"},"content":{"rendered":"<p style=\"text-align: justify;\"><span style=\"font-family: Liberation Sans, sans-serif;\"><span style=\"font-size: medium;\"><a href=\"http:\/\/cofecon.org.br\/cofecon\/wp-content\/uploads\/2019\/02\/corecones-1.jpg\"><img loading=\"lazy\" decoding=\"async\" class=\"alignleft wp-image-7190 size-full\" src=\"http:\/\/cofecon.org.br\/cofecon\/wp-content\/uploads\/2019\/02\/corecones-1.jpg\" alt=\"\" width=\"350\" height=\"250\" srcset=\"https:\/\/cofecon.org.br\/cofecon\/wp-content\/uploads\/2019\/02\/corecones-1.jpg 350w, https:\/\/cofecon.org.br\/cofecon\/wp-content\/uploads\/2019\/02\/corecones-1-300x214.jpg 300w\" sizes=\"(max-width: 350px) 100vw, 350px\" \/><\/a>O conselheiro federal Eduardo Ara\u00fajo e o presidente do Corecon-ES, Ricardo Paix\u00e3o, participaram de reuni\u00e3o de trabalho, na \u00faltima ter\u00e7a, 5 de fevereiro, com o Secret\u00e1rio de Estado de Desenvolvimento do Esp\u00edrito Santo, Heber Resende, e com o Subsecret\u00e1rio de Estado de Log\u00edstica e Com\u00e9rcio Exterior, Adson Silva.<\/span><\/span><\/p>\n<p style=\"text-align: justify;\"><span style=\"font-family: Liberation Sans, sans-serif;\"><span style=\"font-size: medium;\">Durante o encontro trataram da participa\u00e7\u00e3o de economistas em F\u00f3runs de Desenvolvimento Regional que ser\u00e3o promovidos pela Secretaria de Desenvolvimento do Estado. <\/span><\/span><\/p>\n<p style=\"text-align: justify;\"><span style=\"font-family: Liberation Sans, sans-serif;\"><span style=\"font-size: medium;\">&#8220;Os economistas capixabas t\u00eam muito a contribuir na formula\u00e7\u00e3o de pol\u00edticas p\u00fablicas voltadas \u00e0 diversifica\u00e7\u00e3o econ\u00f4mica e nos projetos para atra\u00e7\u00e3o de novos investimentos para o Estado&#8221;, comentou o conselheiro federal Eduardo Ara\u00fajo. <\/span><\/span><\/p>\n<p style=\"text-align: justify;\"><span style=\"font-family: Liberation Sans, sans-serif;\"><span style=\"font-size: medium;\">A reuni\u00e3o tamb\u00e9m abordou a altera\u00e7\u00e3o do edital de chamada p\u00fablica de bolsistas para o Programa de Qualifica\u00e7\u00e3o para Exporta\u00e7\u00e3o (Peiex-ES), que oferecer\u00e1 consultoria e assist\u00eancia para empresas capixabas ampliar mercados.<\/span><\/span><\/p>\n<p style=\"text-align: justify;\"><span style=\"font-family: Liberation Sans, sans-serif;\"><span style=\"font-size: medium;\">&#8220;Entendemos que o edital deve incluir os economistas e bachar\u00e9is de ci\u00eancias econ\u00f4micas no processo seletivo, porque as atividades de consultoria fazem parte do escopo da nossa profiss\u00e3o. E ficamos felizes com a receptividade e sinaliza\u00e7\u00e3o positiva da Secretaria ao nosso pleito&#8221;, avaliou o presidente Ricardo Paix\u00e3o. <\/span><\/span><\/p>\n<p style=\"text-align: justify;\"><span style=\"font-family: Liberation Sans, sans-serif;\"><span style=\"font-size: medium;\">A Secretaria de Estado de Desenvolvimento (Sedes) tem o papel de propor e implantar projetos que direcionem o crescimento capixaba e a gera\u00e7\u00e3o de novas oportunidades na economia capixaba.<\/span><\/span><\/p>\n","protected":false},"excerpt":{"rendered":"<p>O conselheiro federal Eduardo Ara\u00fajo e o presidente do Corecon-ES, Ricardo Paix\u00e3o, participaram de reuni\u00e3o de trabalho, na \u00faltima ter\u00e7a, 5 de fevereiro, com o Secret\u00e1rio de Estado de Desenvolvimento do Esp\u00edrito Santo, Heber Resende, e com o Subsecret\u00e1rio de<\/p>\n<p><a class=\"more-link\" href=\"https:\/\/cofecon.org.br\/cofecon\/?p=7188\">Leia Mais<\/a><\/p>\n","protected":false},"author":1,"featured_media":7189,"comment_status":"closed","ping_status":"closed","sticky":false,"template":"","format":"standard","meta":{"footnotes":""},"categories":[2],"tags":[],"class_list":["post-7188","post","type-post","status-publish","format-standard","has-post-thumbnail","hentry","category-noticias"],"_links":{"self":[{"href":"https:\/\/cofecon.org.br\/cofecon\/index.php?rest_route=\/wp\/v2\/posts\/7188"}],"collection":[{"href":"https:\/\/cofecon.org.br\/cofecon\/index.php?rest_route=\/wp\/v2\/posts"}],"about":[{"href":"https:\/\/cofecon.org.br\/cofecon\/index.php?rest_route=\/wp\/v2\/types\/post"}],"author":[{"embeddable":true,"href":"https:\/\/cofecon.org.br\/cofecon\/index.php?rest_route=\/wp\/v2\/users\/1"}],"replies":[{"embeddable":true,"href":"https:\/\/cofecon.org.br\/cofecon\/index.php?rest_route=%2Fwp%2Fv2%2Fcomments&post=7188"}],"version-history":[{"count":0,"href":"https:\/\/cofecon.org.br\/cofecon\/index.php?rest_route=\/wp\/v2\/posts\/7188\/revisions"}],"wp:featuredmedia":[{"embeddable":true,"href":"https:\/\/cofecon.org.br\/cofecon\/index.php?rest_route=\/wp\/v2\/media\/7189"}],"wp:attachment":[{"href":"https:\/\/cofecon.org.br\/cofecon\/index.php?rest_route=%2Fwp%2Fv2%2Fmedia&parent=7188"}],"wp:term":[{"taxonomy":"category","embeddable":true,"href":"https:\/\/cofecon.org.br\/cofecon\/index.php?rest_route=%2Fwp%2Fv2%2Fcategories&post=7188"},{"taxonomy":"post_tag","embeddable":true,"href":"https:\/\/cofecon.org.br\/cofecon\/index.php?rest_route=%2Fwp%2Fv2%2Ftags&post=7188"}],"curies":[{"name":"wp","href":"https:\/\/api.w.org\/{rel}","templated":true}]}}