{"id":7180,"date":"2019-02-05T14:55:00","date_gmt":"2019-02-05T16:55:00","guid":{"rendered":"http:\/\/www.cofecon.org.br\/?p=7180"},"modified":"2019-02-05T14:55:00","modified_gmt":"2019-02-05T16:55:00","slug":"conselheiro-lauro-chaves-participou-de-entrevista-sobre-industria-automobilistica","status":"publish","type":"post","link":"https:\/\/cofecon.org.br\/cofecon\/?p=7180","title":{"rendered":"Conselheiro Lauro Chaves participou de entrevista sobre ind\u00fastria automobil\u00edstica"},"content":{"rendered":"<p style=\"text-align: justify;\">O conselheiro federal Lauro Chaves Neto participou de entrevista \u00e0 R\u00e1dio Cidade Jundia\u00ed, no dia 1\u00ba de fevereiro, sobre a possibilidade de a montadora General Motors deixar o Brasil por baixa lucratividade.<\/p>\n<p style=\"text-align: justify;\">Durante a entrevista, o economista afirmou que a GM tem problemas de competitividade n\u00e3o s\u00f3 no Brasil. &#8220;Na Europa ela (a GM) j\u00e1 reduziu drasticamente sua participa\u00e7\u00e3o de mercado, em toda a \u00c1sia tamb\u00e9m, porque hoje h\u00e1 uma concorr\u00eancia maior que obrigada os grandes players da ind\u00fastria automobil\u00edstica a um padr\u00e3o de inova\u00e7\u00e3o e de tecnologia que esteja sempre em evolu\u00e7\u00e3o, com pre\u00e7os competitivos&#8221;, disse.<\/p>\n<p><a href=\"https:\/\/soundcloud.com\/radio-cidade-jundiai\/gm-considera-deixar-o-brasil-por-baixa-lucratividade\"><em>Clique aqui<\/em><\/a> para conferir a entrevista na \u00edntegra, com dura\u00e7\u00e3o de 12 minutos.<\/p>\n","protected":false},"excerpt":{"rendered":"<p>O conselheiro federal Lauro Chaves Neto participou de entrevista \u00e0 R\u00e1dio Cidade Jundia\u00ed, no dia 1\u00ba de fevereiro, sobre a possibilidade de a montadora General Motors deixar o Brasil por baixa lucratividade. Durante a entrevista, o economista afirmou que a<\/p>\n<p><a class=\"more-link\" href=\"https:\/\/cofecon.org.br\/cofecon\/?p=7180\">Leia Mais<\/a><\/p>\n","protected":false},"author":1,"featured_media":6168,"comment_status":"closed","ping_status":"closed","sticky":false,"template":"","format":"standard","meta":{"footnotes":""},"categories":[7],"tags":[],"class_list":["post-7180","post","type-post","status-publish","format-standard","has-post-thumbnail","hentry","category-cofecon-na-midia"],"_links":{"self":[{"href":"https:\/\/cofecon.org.br\/cofecon\/index.php?rest_route=\/wp\/v2\/posts\/7180"}],"collection":[{"href":"https:\/\/cofecon.org.br\/cofecon\/index.php?rest_route=\/wp\/v2\/posts"}],"about":[{"href":"https:\/\/cofecon.org.br\/cofecon\/index.php?rest_route=\/wp\/v2\/types\/post"}],"author":[{"embeddable":true,"href":"https:\/\/cofecon.org.br\/cofecon\/index.php?rest_route=\/wp\/v2\/users\/1"}],"replies":[{"embeddable":true,"href":"https:\/\/cofecon.org.br\/cofecon\/index.php?rest_route=%2Fwp%2Fv2%2Fcomments&post=7180"}],"version-history":[{"count":0,"href":"https:\/\/cofecon.org.br\/cofecon\/index.php?rest_route=\/wp\/v2\/posts\/7180\/revisions"}],"wp:featuredmedia":[{"embeddable":true,"href":"https:\/\/cofecon.org.br\/cofecon\/index.php?rest_route=\/wp\/v2\/media\/6168"}],"wp:attachment":[{"href":"https:\/\/cofecon.org.br\/cofecon\/index.php?rest_route=%2Fwp%2Fv2%2Fmedia&parent=7180"}],"wp:term":[{"taxonomy":"category","embeddable":true,"href":"https:\/\/cofecon.org.br\/cofecon\/index.php?rest_route=%2Fwp%2Fv2%2Fcategories&post=7180"},{"taxonomy":"post_tag","embeddable":true,"href":"https:\/\/cofecon.org.br\/cofecon\/index.php?rest_route=%2Fwp%2Fv2%2Ftags&post=7180"}],"curies":[{"name":"wp","href":"https:\/\/api.w.org\/{rel}","templated":true}]}}