{"id":7090,"date":"2019-01-28T10:53:38","date_gmt":"2019-01-28T12:53:38","guid":{"rendered":"http:\/\/www.cofecon.org.br\/?p=7090"},"modified":"2019-01-28T10:53:38","modified_gmt":"2019-01-28T12:53:38","slug":"artigo-crescimento-com-restricoes-fiscais-cenarios-para-a-economia-maranhense-em-2019","status":"publish","type":"post","link":"https:\/\/cofecon.org.br\/cofecon\/?p=7090","title":{"rendered":"Artigo &#8211; Crescimento com restri\u00e7\u00f5es fiscais &#8211; cen\u00e1rios para a economia maranhense em 2019"},"content":{"rendered":"<p><a href=\"http:\/\/cofecon.org.br\/cofecon\/wp-content\/uploads\/2019\/01\/flp.jpg\"><img loading=\"lazy\" decoding=\"async\" class=\"wp-image-7092 size-large aligncenter\" src=\"http:\/\/www.cofecon.org.br\/wp-content\/uploads\/2019\/01\/flp-262x1024.jpg\" alt=\"\" width=\"262\" height=\"1024\" srcset=\"https:\/\/cofecon.org.br\/cofecon\/wp-content\/uploads\/2019\/01\/flp-262x1024.jpg 262w, https:\/\/cofecon.org.br\/cofecon\/wp-content\/uploads\/2019\/01\/flp-77x300.jpg 77w\" sizes=\"(max-width: 262px) 100vw, 262px\" \/><\/a><\/p>\n<p>Artigo publicado no jornal O Imparcial no dia 27 de janeiro de 2019.<\/p>\n","protected":false},"excerpt":{"rendered":"<p>Artigo publicado no jornal O Imparcial no dia 27 de janeiro de 2019.<\/p>\n","protected":false},"author":1,"featured_media":7093,"comment_status":"closed","ping_status":"open","sticky":false,"template":"","format":"standard","meta":{"footnotes":""},"categories":[6],"tags":[],"class_list":["post-7090","post","type-post","status-publish","format-standard","has-post-thumbnail","hentry","category-artigo"],"_links":{"self":[{"href":"https:\/\/cofecon.org.br\/cofecon\/index.php?rest_route=\/wp\/v2\/posts\/7090"}],"collection":[{"href":"https:\/\/cofecon.org.br\/cofecon\/index.php?rest_route=\/wp\/v2\/posts"}],"about":[{"href":"https:\/\/cofecon.org.br\/cofecon\/index.php?rest_route=\/wp\/v2\/types\/post"}],"author":[{"embeddable":true,"href":"https:\/\/cofecon.org.br\/cofecon\/index.php?rest_route=\/wp\/v2\/users\/1"}],"replies":[{"embeddable":true,"href":"https:\/\/cofecon.org.br\/cofecon\/index.php?rest_route=%2Fwp%2Fv2%2Fcomments&post=7090"}],"version-history":[{"count":0,"href":"https:\/\/cofecon.org.br\/cofecon\/index.php?rest_route=\/wp\/v2\/posts\/7090\/revisions"}],"wp:featuredmedia":[{"embeddable":true,"href":"https:\/\/cofecon.org.br\/cofecon\/index.php?rest_route=\/wp\/v2\/media\/7093"}],"wp:attachment":[{"href":"https:\/\/cofecon.org.br\/cofecon\/index.php?rest_route=%2Fwp%2Fv2%2Fmedia&parent=7090"}],"wp:term":[{"taxonomy":"category","embeddable":true,"href":"https:\/\/cofecon.org.br\/cofecon\/index.php?rest_route=%2Fwp%2Fv2%2Fcategories&post=7090"},{"taxonomy":"post_tag","embeddable":true,"href":"https:\/\/cofecon.org.br\/cofecon\/index.php?rest_route=%2Fwp%2Fv2%2Ftags&post=7090"}],"curies":[{"name":"wp","href":"https:\/\/api.w.org\/{rel}","templated":true}]}}