{"id":6421,"date":"2018-10-04T10:43:44","date_gmt":"2018-10-04T13:43:44","guid":{"rendered":"http:\/\/www.cofecon.org.br\/?p=6421"},"modified":"2018-10-04T10:43:44","modified_gmt":"2018-10-04T13:43:44","slug":"artigo-futuro-ou-passado","status":"publish","type":"post","link":"https:\/\/cofecon.org.br\/cofecon\/?p=6421","title":{"rendered":"Artigo &#8211; Futuro ou Passado?"},"content":{"rendered":"<p align=\"justify\"><span style=\"color: #000000; font-family: verdana, geneva, sans-serif; font-size: 12px;\"> Nestes dias tumultuados que vivemos, lembrei-me de uma frase que pode ser a s\u00edntese do Brasil: o passado n\u00e3o passa e o futuro j\u00e1 passou (Eliane Brum).<\/span><\/p>\n<p align=\"justify\"><span style=\"color: #000000; font-family: verdana, geneva, sans-serif; font-size: 12px;\"> Nunca fomos um povo cordial, mas, para efeitos pr\u00e1ticos, j\u00e1 fomos pelo menos mais condescendentes. E \u00e9 bom lembrar que os efeitos das escolhas de hoje se projetar\u00e3o por um futuro distante. Logo, existe uma responsabilidade inalien\u00e1vel destas gera\u00e7\u00f5es; a felicidade de nossos filhos estar\u00e1 em jogo.<\/span><\/p>\n<p align=\"justify\"><span style=\"color: #000000; font-family: verdana, geneva, sans-serif; font-size: 12px;\"> N\u00e3o existe uma f\u00f3rmula para dizer o que deve ser feito. Se houvesse algum receitu\u00e1rio, talvez se pudesse sugerir alguns pontos para reflex\u00e3o:<\/span><\/p>\n<p align=\"justify\"><span style=\"color: #000000; font-family: verdana, geneva, sans-serif; font-size: 12px;\">1\u00ba honestidade n\u00e3o \u00e9 fator preponderante para uma op\u00e7\u00e3o; \u00e9 um pressuposto. As escolhas n\u00e3o devem ser ditadas pelo discurso f\u00e1cil do combate \u00e0 corrup\u00e7\u00e3o e na onda das den\u00fancias e investiga\u00e7\u00f5es;<\/span><\/p>\n<p align=\"justify\"><span style=\"font-family: verdana, geneva, sans-serif; font-size: 12px;\"><span style=\"color: #000000;\">2\u00ba avalie, tanto quanto poss\u00edvel, n\u00e3o apenas o que os candidatos prop\u00f5em, mas, sobretudo, <\/span><span style=\"color: #000000;\"><i>como<\/i><\/span><span style=\"color: #000000;\"> podem viabilizar o que prometem;<\/span><\/span><\/p>\n<p align=\"justify\"><span style=\"color: #000000; font-family: verdana, geneva, sans-serif; font-size: 12px;\">3\u00ba leve em considera\u00e7\u00e3o se o que o candidato promete depende exclusivamente de sua iniciativa, de sua compet\u00eancia, ou se estar\u00e1 condicionado a uma decis\u00e3o de outra esfera ou de outro Poder;<\/span><\/p>\n<p align=\"justify\"><span style=\"color: #000000; font-family: verdana, geneva, sans-serif; font-size: 12px;\">4\u00ba investigue a atua\u00e7\u00e3o pregressa do candidato, se o que preconiza tem coer\u00eancia com as suas a\u00e7\u00f5es ao longo da trajet\u00f3ria pol\u00edtica (profissional e pessoal);<\/span><\/p>\n<p align=\"justify\"><span style=\"color: #000000; font-family: verdana, geneva, sans-serif; font-size: 12px;\">5\u00ba concentre-se na contribui\u00e7\u00e3o que o candidato tenha dado a projetos de interesse coletivo, comunit\u00e1rio;<\/span><\/p>\n<p align=\"justify\"><span style=\"font-family: verdana, geneva, sans-serif; font-size: 12px;\"><span style=\"color: #000000;\">6\u00ba examine profundamente o comportamento <\/span><span style=\"color: #000000;\"><i>pessoal<\/i><\/span><span style=\"color: #000000;\"> do candidato, seu equil\u00edbrio emocional, sua capacidade de di\u00e1logo e de negocia\u00e7\u00e3o, e, sobretudo, sua disposi\u00e7\u00e3o para ouvir, mais do que falar;<\/span><\/span><\/p>\n<p align=\"justify\"><span style=\"color: #000000; font-family: verdana, geneva, sans-serif; font-size: 12px;\">7\u00ba insira-se em algum grupo onde seja poss\u00edvel participar e fiscalizar a elabora\u00e7\u00e3o e a execu\u00e7\u00e3o dos planos e or\u00e7amentos, capazes de conciliar a limita\u00e7\u00e3o de recursos e o interesse p\u00fablico.<\/span><\/p>\n<hr \/>\n<p align=\"justify\"><span style=\"font-family: verdana, geneva, sans-serif; font-size: 12px;\"><strong>Roberto Bocaccio Piscitelli \u00e9 professor da Universidade de Bras\u00edlia e ex-conselheiro do Cofecon.<\/strong><\/span><\/p>\n<ul>\n<li>Artigo publicado no Jornal de Bras\u00edlia em 04\/10\/2018.<\/li>\n<\/ul>\n","protected":false},"excerpt":{"rendered":"<p>Nestes dias tumultuados que vivemos, lembrei-me de uma frase que pode ser a s\u00edntese do Brasil: o passado n\u00e3o passa e o futuro j\u00e1 passou (Eliane Brum). Nunca fomos um povo cordial, mas, para efeitos pr\u00e1ticos, j\u00e1 fomos pelo menos<\/p>\n<p><a class=\"more-link\" href=\"https:\/\/cofecon.org.br\/cofecon\/?p=6421\">Leia Mais<\/a><\/p>\n","protected":false},"author":1,"featured_media":6422,"comment_status":"closed","ping_status":"open","sticky":false,"template":"","format":"standard","meta":{"footnotes":""},"categories":[6],"tags":[],"class_list":["post-6421","post","type-post","status-publish","format-standard","has-post-thumbnail","hentry","category-artigo"],"_links":{"self":[{"href":"https:\/\/cofecon.org.br\/cofecon\/index.php?rest_route=\/wp\/v2\/posts\/6421"}],"collection":[{"href":"https:\/\/cofecon.org.br\/cofecon\/index.php?rest_route=\/wp\/v2\/posts"}],"about":[{"href":"https:\/\/cofecon.org.br\/cofecon\/index.php?rest_route=\/wp\/v2\/types\/post"}],"author":[{"embeddable":true,"href":"https:\/\/cofecon.org.br\/cofecon\/index.php?rest_route=\/wp\/v2\/users\/1"}],"replies":[{"embeddable":true,"href":"https:\/\/cofecon.org.br\/cofecon\/index.php?rest_route=%2Fwp%2Fv2%2Fcomments&post=6421"}],"version-history":[{"count":0,"href":"https:\/\/cofecon.org.br\/cofecon\/index.php?rest_route=\/wp\/v2\/posts\/6421\/revisions"}],"wp:featuredmedia":[{"embeddable":true,"href":"https:\/\/cofecon.org.br\/cofecon\/index.php?rest_route=\/wp\/v2\/media\/6422"}],"wp:attachment":[{"href":"https:\/\/cofecon.org.br\/cofecon\/index.php?rest_route=%2Fwp%2Fv2%2Fmedia&parent=6421"}],"wp:term":[{"taxonomy":"category","embeddable":true,"href":"https:\/\/cofecon.org.br\/cofecon\/index.php?rest_route=%2Fwp%2Fv2%2Fcategories&post=6421"},{"taxonomy":"post_tag","embeddable":true,"href":"https:\/\/cofecon.org.br\/cofecon\/index.php?rest_route=%2Fwp%2Fv2%2Ftags&post=6421"}],"curies":[{"name":"wp","href":"https:\/\/api.w.org\/{rel}","templated":true}]}}