{"id":6409,"date":"2018-10-03T11:57:14","date_gmt":"2018-10-03T14:57:14","guid":{"rendered":"http:\/\/www.cofecon.org.br\/?p=6409"},"modified":"2018-10-03T11:57:14","modified_gmt":"2018-10-03T14:57:14","slug":"estudantes-de-economia-fazem-visita-tecnica-ao-bacen-brde-e-coreconpr","status":"publish","type":"post","link":"https:\/\/cofecon.org.br\/cofecon\/?p=6409","title":{"rendered":"Estudantes de economia fazem visita t\u00e9cnica ao BACEN, BRDE E CORECONPR"},"content":{"rendered":"<p><img loading=\"lazy\" decoding=\"async\" class=\"size-medium wp-image-6412 alignright\" src=\"http:\/\/www.cofecon.org.br\/wp-content\/uploads\/2018\/10\/coreocn-pr-300x215.jpg\" alt=\"\" width=\"300\" height=\"215\" srcset=\"https:\/\/cofecon.org.br\/cofecon\/wp-content\/uploads\/2018\/10\/coreocn-pr-300x215.jpg 300w, https:\/\/cofecon.org.br\/cofecon\/wp-content\/uploads\/2018\/10\/coreocn-pr.jpg 351w\" sizes=\"(max-width: 300px) 100vw, 300px\" \/><\/p>\n<p align=\"justify\"><span style=\"font-family: Arial, sans-serif;\"><span style=\"font-size: medium;\">Com o objetivo de proporcionar e mostrar na pr\u00e1tica como \u00e9 a atua\u00e7\u00e3o dos economistas em algumas institui\u00e7\u00f5es banc\u00e1rias, o C<\/span><\/span><span style=\"font-family: Arial, sans-serif;\"><span style=\"font-size: medium;\">onselho Regional de Economia do Paran\u00e1 (Corecon-PR)<\/span><\/span><span style=\"font-family: Arial, sans-serif;\"><span style=\"font-size: medium;\"> promoveu na \u00faltima sexta-feira, <\/span><\/span><span style=\"font-family: Arial, sans-serif;\"><span style=\"font-size: medium;\">28 de setembro,<\/span><\/span><span style=\"font-family: Arial, sans-serif;\"><span style=\"font-size: medium;\"> uma visita t\u00e9cnica de cerca de 120 estudantes dos cursos de <\/span><\/span><span style=\"font-family: Arial, sans-serif;\"><span style=\"font-size: medium;\">E<\/span><\/span><span style=\"font-family: Arial, sans-serif;\"><span style=\"font-size: medium;\">conomia, da\u00a0<\/span><\/span><\/p>\n<p align=\"justify\"><span style=\"font-family: Arial, sans-serif;\"><span style=\"font-size: medium;\">UNESPAR\/ Apucarana, UFFS\/ Laranjeiras, UNIOESTE Toledo<\/span><\/span><span style=\"color: #000000;\"><span style=\"font-family: Helvetica, sans-serif;\"><span style=\"font-size: medium;\">\u00a0<\/span><\/span><\/span><span style=\"font-family: Arial, sans-serif;\"><span style=\"font-size: medium;\">e UFPR <\/span><\/span><span style=\"font-family: Arial, sans-serif;\"><span style=\"font-size: medium;\">a<\/span><\/span><span style=\"font-family: Arial, sans-serif;\"><span style=\"font-size: medium;\">o Banco Central <\/span><\/span><span style=\"font-family: Arial, sans-serif;\"><span style=\"font-size: medium;\">(BACEN) <\/span><\/span><span style=\"font-family: Arial, sans-serif;\"><span style=\"font-size: medium;\">e ao Banco Regional de Desenvolvimento do Extremo Sul (BRDE).<\/span><\/span><\/p>\n<p align=\"justify\"><span style=\"font-family: Arial, sans-serif;\"><span style=\"font-size: medium;\">A primeira parada do roteiro foi no Banco Central, onde foi apresentado c<\/span><\/span><\/p>\n<p><span style=\"font-family: Arial, sans-serif;\"><span style=\"font-size: medium;\">omo \u00e9 o funcionamento da institui\u00e7\u00e3o e o seu papel na economia. <\/span><\/span><span style=\"font-family: Arial, sans-serif;\"><span style=\"font-size: medium;\">No<\/span><\/span><span style=\"font-family: Arial, sans-serif;\"><span style=\"font-size: medium;\"> per\u00edodo da tarde, realizaram visita ao BRDE, onde <\/span><\/span><span style=\"font-family: Arial, sans-serif;\"><span style=\"font-size: medium;\">puderam conhecer de<\/span><\/span><span style=\"font-family: Arial, sans-serif;\"><span style=\"font-size: medium;\"> perto o funcionamento do banco no processo de desenvolvimento econ\u00f4mico e an\u00e1lise de projetos.<\/span><\/span><\/p>\n<p style=\"line-height: 1.71429; margin-bottom: 1.71429rem;\"><img loading=\"lazy\" decoding=\"async\" class=\"alignleft wp-image-6410 size-full\" style=\"margin-top: 0.857143rem; margin-right: 1.71429rem; margin-bottom: 0.857143rem;\" src=\"http:\/\/cofecon.org.br\/cofecon\/wp-content\/uploads\/2018\/10\/corecon-pr.jpg\" alt=\"\" width=\"350\" height=\"251\" srcset=\"https:\/\/cofecon.org.br\/cofecon\/wp-content\/uploads\/2018\/10\/corecon-pr.jpg 350w, https:\/\/cofecon.org.br\/cofecon\/wp-content\/uploads\/2018\/10\/corecon-pr-300x215.jpg 300w\" sizes=\"(max-width: 350px) 100vw, 350px\" \/><\/p>\n<p align=\"justify\"><span style=\"font-family: Arial, sans-serif;\"><span style=\"font-size: medium;\">Por fim, visitaram a sede d<\/span><\/span><span style=\"font-family: Arial, sans-serif;\"><span style=\"font-size: medium;\">o\u00a0<\/span><\/span><span style=\"font-family: Arial, sans-serif;\"><span style=\"font-size: medium;\">Corecon-PR<\/span><\/span><span style=\"font-family: Arial, sans-serif;\"><span style=\"font-size: medium;\">, entidade que futuramente dever\u00e3o manter o registro profissional. <\/span><\/span><span style=\"font-family: Arial, sans-serif;\"><span style=\"font-size: medium;\">Na ocasi\u00e3o,<\/span><\/span><span style=\"font-family: Arial, sans-serif;\"><span style=\"font-size: medium;\"> foram recebidos pelo economista e vice-presidente do Co<\/span><\/span><span style=\"font-family: Arial, sans-serif;\"><span style=\"font-size: medium;\">recon-PR,<\/span><\/span><span style=\"font-family: Arial, sans-serif;\"><span style=\"font-size: medium;\"> Carlos Magno Andrioli Bittencourt, que bateu um papo sobre as atividades pertinentes ao Economista e apresentou um breve relato sobre a crise na economia brasileira.<\/span><\/span><\/p>\n","protected":false},"excerpt":{"rendered":"<p>Com o objetivo de proporcionar e mostrar na pr\u00e1tica como \u00e9 a atua\u00e7\u00e3o dos economistas em algumas institui\u00e7\u00f5es banc\u00e1rias, o Conselho Regional de Economia do Paran\u00e1 (Corecon-PR) promoveu na \u00faltima sexta-feira, 28 de setembro, uma visita t\u00e9cnica de cerca de<\/p>\n<p><a class=\"more-link\" href=\"https:\/\/cofecon.org.br\/cofecon\/?p=6409\">Leia Mais<\/a><\/p>\n","protected":false},"author":1,"featured_media":6410,"comment_status":"closed","ping_status":"open","sticky":false,"template":"","format":"standard","meta":{"footnotes":""},"categories":[2],"tags":[],"class_list":["post-6409","post","type-post","status-publish","format-standard","has-post-thumbnail","hentry","category-noticias"],"_links":{"self":[{"href":"https:\/\/cofecon.org.br\/cofecon\/index.php?rest_route=\/wp\/v2\/posts\/6409"}],"collection":[{"href":"https:\/\/cofecon.org.br\/cofecon\/index.php?rest_route=\/wp\/v2\/posts"}],"about":[{"href":"https:\/\/cofecon.org.br\/cofecon\/index.php?rest_route=\/wp\/v2\/types\/post"}],"author":[{"embeddable":true,"href":"https:\/\/cofecon.org.br\/cofecon\/index.php?rest_route=\/wp\/v2\/users\/1"}],"replies":[{"embeddable":true,"href":"https:\/\/cofecon.org.br\/cofecon\/index.php?rest_route=%2Fwp%2Fv2%2Fcomments&post=6409"}],"version-history":[{"count":0,"href":"https:\/\/cofecon.org.br\/cofecon\/index.php?rest_route=\/wp\/v2\/posts\/6409\/revisions"}],"wp:featuredmedia":[{"embeddable":true,"href":"https:\/\/cofecon.org.br\/cofecon\/index.php?rest_route=\/wp\/v2\/media\/6410"}],"wp:attachment":[{"href":"https:\/\/cofecon.org.br\/cofecon\/index.php?rest_route=%2Fwp%2Fv2%2Fmedia&parent=6409"}],"wp:term":[{"taxonomy":"category","embeddable":true,"href":"https:\/\/cofecon.org.br\/cofecon\/index.php?rest_route=%2Fwp%2Fv2%2Fcategories&post=6409"},{"taxonomy":"post_tag","embeddable":true,"href":"https:\/\/cofecon.org.br\/cofecon\/index.php?rest_route=%2Fwp%2Fv2%2Ftags&post=6409"}],"curies":[{"name":"wp","href":"https:\/\/api.w.org\/{rel}","templated":true}]}}