{"id":6226,"date":"2018-09-19T11:09:40","date_gmt":"2018-09-19T14:09:40","guid":{"rendered":"http:\/\/www.cofecon.org.br\/?p=6226"},"modified":"2018-09-19T11:09:40","modified_gmt":"2018-09-19T14:09:40","slug":"artigo-nem-direita-nem-esquerda-volver","status":"publish","type":"post","link":"https:\/\/cofecon.org.br\/cofecon\/?p=6226","title":{"rendered":"Artigo &#8211; Nem direita, nem esquerda volver"},"content":{"rendered":"<p class=\"western\" align=\"justify\"><span style=\"font-family: Times New Roman, serif;\"><span style=\"font-size: medium;\">1964 e 1985 marcaram regimes pol\u00edticos distintos no Brasil. Todavia, a indefini\u00e7\u00e3o e\/ou confus\u00e3o a respeito da unidade e identidade brasileiras como Na\u00e7\u00e3o remonta \u00e0 Independ\u00eancia, em 1822.<\/span><\/span><\/p>\n<p class=\"western\" align=\"justify\"><span style=\"font-family: Times New Roman, serif;\"><span style=\"font-size: medium;\">Todo o per\u00edodo do Imp\u00e9rio foi marcado pela busca da unidade e forma\u00e7\u00e3o da identidade brasileiras, consubstanciado na Monarquia, a partir de um processo cultural e pol\u00edtico inst\u00e1vel.<\/span><\/span><\/p>\n<p class=\"western\" align=\"justify\"><span style=\"font-family: Times New Roman, serif;\"><span style=\"font-size: medium;\">Vem a Rep\u00fablica (Velha), na tentativa de romper com os resqu\u00edcios din\u00e1sticos, elevando novos s\u00edmbolos e her\u00f3is nacionais, fortalecidos pelo republicanismo e o positivismo estampados em nossa bandeira com o lema Ordem e Progresso. Ali\u00e1s, o ex-Presidente Vargas, n\u00e3o hesitou em participar da Alian\u00e7a de Na\u00e7\u00f5es em defesa da democracia. <\/span><\/span><\/p>\n<p class=\"western\" align=\"justify\"><span style=\"font-family: Times New Roman, serif;\"><span style=\"font-size: medium;\">Da\u00ed em diante, o Nacionalismo de Estado busca, tamb\u00e9m, incutir no ide\u00e1rio popular o esp\u00edrito de Na\u00e7\u00e3o una e independente; livre e democr\u00e1tica, por\u00e9m, interrompida por um per\u00edodo de conflito ideol\u00f3gico em torno das reformas de base de Jo\u00e3o Goulart.<\/span><\/span><\/p>\n<p class=\"western\" align=\"justify\"><span style=\"font-family: Times New Roman, serif;\"><span style=\"font-size: medium;\">Curiosamente, o per\u00edodo de penumbra positivista efetivou as reformas de base, principalmente, em torno da reforma agr\u00e1ria, al\u00e9m de proporcionar a democracia, a partir da anistia pol\u00edtica e elei\u00e7\u00f5es diretas.<\/span><\/span><\/p>\n<p class=\"western\" align=\"justify\"><span style=\"font-family: Times New Roman, serif;\"><span style=\"font-size: medium;\">Ap\u00f3s vinte anos de regime pol\u00edtico ditatorial (quando os que apoiavam-na foram rotulados de direita; e os que n\u00e3o, de esquerda), com altern\u00e2ncia de poder entre os presidentes-generais, a democracia brasileira foi reconquistada com seu regimento jur\u00eddico-legal &#8211; Constitui\u00e7\u00e3o de 1988 &#8211; que volta a ser exercida com o poder emanado pelo povo, quando, este, organizado e esclarecido politicamente.<\/span><\/span><\/p>\n<p class=\"western\" align=\"justify\"><span style=\"font-family: Times New Roman, serif;\"><span style=\"font-size: medium;\">Nesse processo hist\u00f3rico-dial\u00e9tico, onde apar\u00eancia se confunde com ess\u00eancia, cultura, pol\u00edtica e educa\u00e7\u00e3o h\u00e3o de avan\u00e7ar al\u00e9m dos interesses imediatos.<\/span><\/span><\/p>\n<p class=\"western\" align=\"justify\"><span style=\"font-family: Times New Roman, serif;\"><span style=\"font-size: medium;\">Esquerda e direita em suas trucul\u00eancias dial\u00e9ticas possuem em comum o interesse pelo poder do Estado, entretanto, t\u00eam ojeriza das propostas de privatiza\u00e7\u00f5es de estatais de caracter\u00edsticas privadas e cortes de subs\u00eddios privilegiados, respectivamente.<\/span><\/span><\/p>\n<p class=\"western\" align=\"justify\"><span style=\"font-family: Times New Roman, serif;\"><span style=\"font-size: medium;\">Esse ser\u00e1 o enfrentamento necess\u00e1rio nos embates que precedem as campanhas pol\u00edticas atuais, enfatizando, ainda, a estabilidade inclusiva, o nacionalismo t\u00e1cito e a abertura soberana e segura atrav\u00e9s do desenvolvimento cient\u00edfico-tecnol\u00f3gico.<\/span><\/span><\/p>\n<p class=\"western\" align=\"justify\"><span style=\"font-family: Times New Roman, serif;\"><span style=\"font-size: medium;\">Em suma e na ess\u00eancia: at\u00e9 onde a dial\u00e9tica sem ess\u00eancia vai nos afundar? Partidos com apar\u00eancia de partido n\u00e3o garantem candidatos com ess\u00eancia pol\u00edtico-ideol\u00f3gica genu\u00edna que fortale\u00e7am pratica e pragmaticamente a Na\u00e7\u00e3o.<\/span><\/span><\/p>\n<p class=\"western\" align=\"justify\"><span style=\"font-family: Times New Roman, serif;\"><span style=\"font-size: medium;\">Portanto, nem direita e nem esquerda mesquinhas e acomodadas volver, e esse v\u00e1cuo h\u00e1 de ser superado, assim como se pretendeu desde o Plano Real, quando uma moeda nacional forte deu orgulho, poder de compra e relativo bem-estar a seu povo.<\/span><\/span><\/p>\n<p class=\"western\" align=\"justify\"><span style=\"font-family: Times New Roman, serif;\"><span style=\"font-size: medium;\">A ordem importa, pois, possibilita resultados coletivos eficientes; o caos foi apenas uma desordem (im)pensada pela Natureza Superior. Analogamente, assim como num conserto sinf\u00f4nico a ordem impera, numa banda de rock ela \u00e9 impl\u00edcita, mas, existe.<\/span><\/span><\/p>\n<p class=\"western\" align=\"justify\"><span style=\"font-family: Times New Roman, serif;\"><span style=\"font-size: medium;\">Sempre na regra.<\/span><\/span><\/p>\n<hr \/>\n<p class=\"western\" align=\"justify\"><span style=\"font-family: Times New Roman, serif;\"><span style=\"font-size: medium;\"><b>Ernani L\u00facio Pinto de Souza, 56, \u00e9 economista do Niepe\/Fe\/Ufmt e ms. em planejamento do desenvolvimento pela Anpec\/Naea\/Ufmt. Foi vice-presidente do Corecon-Mt. Escreve suas reflex\u00f5es de maneira pessoal.(elpsouza@ufmt.br) <\/b><\/span><\/span><\/p>\n","protected":false},"excerpt":{"rendered":"<p>1964 e 1985 marcaram regimes pol\u00edticos distintos no Brasil. Todavia, a indefini\u00e7\u00e3o e\/ou confus\u00e3o a respeito da unidade e identidade brasileiras como Na\u00e7\u00e3o remonta \u00e0 Independ\u00eancia, em 1822. Todo o per\u00edodo do Imp\u00e9rio foi marcado pela busca da unidade e<\/p>\n<p><a class=\"more-link\" href=\"https:\/\/cofecon.org.br\/cofecon\/?p=6226\">Leia Mais<\/a><\/p>\n","protected":false},"author":1,"featured_media":6231,"comment_status":"closed","ping_status":"open","sticky":false,"template":"","format":"standard","meta":{"footnotes":""},"categories":[6],"tags":[],"class_list":["post-6226","post","type-post","status-publish","format-standard","has-post-thumbnail","hentry","category-artigo"],"_links":{"self":[{"href":"https:\/\/cofecon.org.br\/cofecon\/index.php?rest_route=\/wp\/v2\/posts\/6226"}],"collection":[{"href":"https:\/\/cofecon.org.br\/cofecon\/index.php?rest_route=\/wp\/v2\/posts"}],"about":[{"href":"https:\/\/cofecon.org.br\/cofecon\/index.php?rest_route=\/wp\/v2\/types\/post"}],"author":[{"embeddable":true,"href":"https:\/\/cofecon.org.br\/cofecon\/index.php?rest_route=\/wp\/v2\/users\/1"}],"replies":[{"embeddable":true,"href":"https:\/\/cofecon.org.br\/cofecon\/index.php?rest_route=%2Fwp%2Fv2%2Fcomments&post=6226"}],"version-history":[{"count":0,"href":"https:\/\/cofecon.org.br\/cofecon\/index.php?rest_route=\/wp\/v2\/posts\/6226\/revisions"}],"wp:featuredmedia":[{"embeddable":true,"href":"https:\/\/cofecon.org.br\/cofecon\/index.php?rest_route=\/wp\/v2\/media\/6231"}],"wp:attachment":[{"href":"https:\/\/cofecon.org.br\/cofecon\/index.php?rest_route=%2Fwp%2Fv2%2Fmedia&parent=6226"}],"wp:term":[{"taxonomy":"category","embeddable":true,"href":"https:\/\/cofecon.org.br\/cofecon\/index.php?rest_route=%2Fwp%2Fv2%2Fcategories&post=6226"},{"taxonomy":"post_tag","embeddable":true,"href":"https:\/\/cofecon.org.br\/cofecon\/index.php?rest_route=%2Fwp%2Fv2%2Ftags&post=6226"}],"curies":[{"name":"wp","href":"https:\/\/api.w.org\/{rel}","templated":true}]}}