{"id":6188,"date":"2018-09-20T00:13:17","date_gmt":"2018-09-20T03:13:17","guid":{"rendered":"http:\/\/www.cofecon.org.br\/?p=6188"},"modified":"2018-09-20T00:13:17","modified_gmt":"2018-09-20T03:13:17","slug":"xxvi-since-discurso-do-presidente-do-cofecon","status":"publish","type":"post","link":"https:\/\/cofecon.org.br\/cofecon\/?p=6188","title":{"rendered":"XXVI Since &#8211; Discurso do presidente do Cofecon"},"content":{"rendered":"<p style=\"text-align: justify;\" align=\"justify\"><span style=\"font-family: Verdana, sans-serif;\"><span style=\"font-size: small;\"><a href=\"http:\/\/cofecon.org.br\/cofecon\/wp-content\/uploads\/2018\/09\/leo.jpg\"><img loading=\"lazy\" decoding=\"async\" class=\"size-full wp-image-6189 alignleft\" src=\"http:\/\/cofecon.org.br\/cofecon\/wp-content\/uploads\/2018\/09\/leo.jpg\" alt=\"\" width=\"350\" height=\"250\" srcset=\"https:\/\/cofecon.org.br\/cofecon\/wp-content\/uploads\/2018\/09\/leo.jpg 350w, https:\/\/cofecon.org.br\/cofecon\/wp-content\/uploads\/2018\/09\/leo-300x214.jpg 300w\" sizes=\"(max-width: 350px) 100vw, 350px\" \/><\/a>Confira, na \u00edntegra, o discurso do presidente do Cofecon, Wellington Leonardo da Silva, na cerim\u00f4nia de abertura do XXVI Simp\u00f3sio Nacional dos Conselhos de Economia (SINCE). A solenidade ocorreu na noite do dia 19 de setembro, na cidade de Porto Velho (RO).<\/span><\/span><\/p>\n<p align=\"justify\">\u201c<span style=\"font-family: Verdana, sans-serif;\"><span style=\"font-size: small;\">A realiza\u00e7\u00e3o deste XXVI SINCE em Rond\u00f4nia \u00e9 extremamente relevante diante da conjuntura pol\u00edtica e econ\u00f4mica vivenciada por todos n\u00f3s no Brasil. A programa\u00e7\u00e3o elaborada pelos conselheiros do CORECON-RO e acompanhada com afinco pela Vice-presidenta do COFECON, Bianca Lopes de Andrade Rodrigues, teve a sabedoria de contemplar tanto as necess\u00e1rias pautas referentes \u00e0 forma\u00e7\u00e3o e ao mercado de trabalho dos economistas e \u00e0s vinculadas ao processo de aperfei\u00e7oamento do Sistema COFECON\/CORECONs quanto as discuss\u00f5es fundamentais pertinentes ao \u00e2mbito da Ci\u00eancia Econ\u00f4mica, j\u00e1 a partir da palestra magna com que seremos brindados daqui h\u00e1 pouco, e pelo tema a ser debatido no Grupo de Trabalho 3 no dia de amanh\u00e3.<\/span><\/span><\/p>\n<p align=\"justify\"><span style=\"font-family: Verdana, sans-serif;\"><span style=\"font-size: small;\">\u00c9 bem verdade que outros CORECONs j\u00e1 haviam trilhado este caminho antes, mas considero importante registrar o fato e sublinhar a manuten\u00e7\u00e3o do F\u00f3rum da Mulher Economista, destinado a incorporar cada vez maior n\u00famero delas \u00e0s inst\u00e2ncias de dire\u00e7\u00e3o dos nossos Conselhos, bem como conhecer suas realidades quando do exerc\u00edcio da profiss\u00e3o.<\/span><\/span><\/p>\n<p align=\"justify\"><span style=\"font-family: Verdana, sans-serif;\"><span style=\"font-size: small;\">Temos importantes desafios sobre os quais precisamos oferecer alternativas. Eles est\u00e3o vinculados a um cen\u00e1rio internacional adverso e muito alterado a partir da crise de 2008.<\/span><\/span><\/p>\n<p align=\"justify\"><span style=\"font-family: Verdana, sans-serif;\"><span style=\"font-size: small;\">Todos n\u00f3s certamente nos lembramos da crise do petr\u00f3leo, cujo alcance foi mundial, mas especialmente grave para os pa\u00edses do terceiro mundo. A fal\u00eancia do sistema de financiamento imobili\u00e1rio americano, lastreado em hipotecas, foi seu ponto de eclos\u00e3o, por\u00e9m sua origem remonta aos sistemas de derivativos espalhados pelos banqueiros e rentistas de todo o mundo, sem lastro em nenhum ativo palp\u00e1vel.<\/span><\/span><\/p>\n<p align=\"justify\"><span style=\"font-family: Verdana, sans-serif;\"><span style=\"font-size: small;\">A crise contagi<\/span><\/span><span style=\"font-family: Verdana, sans-serif;\"><span style=\"font-size: small;\">ou<\/span><\/span><span style=\"font-family: Verdana, sans-serif;\"><span style=\"font-size: small;\"> toda a Europa e se espalh<\/span><\/span><span style=\"font-family: Verdana, sans-serif;\"><span style=\"font-size: small;\">ou<\/span><\/span><span style=\"font-family: Verdana, sans-serif;\"><span style=\"font-size: small;\"> pelo mundo em decorr\u00eancia da financeiriza\u00e7\u00e3o excessiva da economia mundial. Atualmente bilh\u00f5es de d\u00f3lares, na forma de t\u00edtulos est\u00e3o em circula\u00e7\u00e3o pelo mundo sem estarem ancorados em riqueza real.<\/span><\/span><\/p>\n<p align=\"justify\"><span style=\"font-family: Verdana, sans-serif;\"><span style=\"font-size: small;\">As pol\u00edticas destinadas a reverter o quadro est\u00e3o subordinadas, em pa\u00edses como o Brasil, aos interesses de falsas elites, as quais, em linhas gerais, se valem dos argumentos de que investimentos p\u00fablicos s\u00e3o ineficientes, para se apropriarem da coisa p\u00fablica e continuarem a auferir lucros indecentes. Logo, n\u00e3o s\u00e3o necessariamente os governos que atrapalham.<\/span><\/span><\/p>\n<p align=\"justify\"><span style=\"font-family: Verdana, sans-serif;\"><span style=\"font-size: small;\">Nos pa\u00edses onde existam elites dignas deste nome, elas deveriam subordinar os governos, os bancos centrais, bancos privados e toda sorte de rentistas, aos interesses da sociedade.<\/span><\/span><\/p>\n<p align=\"justify\"><span style=\"font-family: Verdana, sans-serif;\"><span style=\"font-size: small;\">Os n\u00edveis de desemprego continuam altos em v\u00e1rios pa\u00edses e isto \u00e9 o que est\u00e1 por tr<\/span><\/span><span style=\"font-family: Verdana, sans-serif;\"><span style=\"font-size: small;\">\u00e1s<\/span><\/span><span style=\"font-family: Verdana, sans-serif;\"><span style=\"font-size: small;\"> do fechamento de mercados como o dos EUA via substitui\u00e7\u00e3o de importa\u00e7\u00f5es, contra a China, que aprendeu a brincar de capitalismo de estado a partir dos anos 80\/90, contra os pa\u00edses da Uni\u00e3o Europeia, mas tamb\u00e9m contra o Brasil.<\/span><\/span><\/p>\n<p align=\"justify\"><span style=\"font-family: Verdana, sans-serif;\"><span style=\"font-size: small;\">Acredito que neste SINCE nossos debates ser\u00e3o capazes de produzir propostas para a reinser\u00e7\u00e3o soberana de nosso pa\u00eds no cen\u00e1rio internacional onde temos sido alvo, em v\u00e1rios pa\u00edses, de vexat\u00f3rias reprimendas p\u00fablicas acerca do comportamento dos ocupantes de cargos em nossos poderes judici\u00e1rio, executivo, legislativo e nos tribunais de contas, os quais, tamb\u00e9m vem perdendo de forma crescente sua respeitabilidade perante o povo, <\/span><\/span><span style=\"font-family: Verdana, sans-serif;\"><span style=\"font-size: small;\">em fun\u00e7\u00e3o de suas imperfei\u00e7\u00f5es grav\u00edssimas.<\/span><\/span><\/p>\n<p align=\"justify\"><span style=\"font-family: Verdana, sans-serif;\"><span style=\"font-size: small;\">Os economistas e a sociedade brasileira precisam discutir profunda e atentamente seus problemas pol\u00edticos, econ\u00f4micos e de representa\u00e7\u00f5es para possibilitar a exist\u00eancia de um pa\u00eds mais justo, fraterno e democr\u00e1tico.<\/span><\/span><\/p>\n<p align=\"justify\"><span style=\"font-family: Verdana, sans-serif;\"><span style=\"font-size: small;\">Se n\u00e3o politizarmos e equacionarmos a quest\u00e3o da desigualdade, sem entregar as riquezas nacionais a outras na\u00e7\u00f5es, n\u00e3o haver\u00e1 futuro poss\u00edvel para nossos filhos e netos rumo \u00e0 felicidade, pois eles far\u00e3o parte da legi\u00e3o de 14 milh\u00f5es de desempregados e de 25 milh\u00f5es de desempregados.<\/span><\/span><\/p>\n<p align=\"justify\"><span style=\"font-family: Verdana, sans-serif;\"><span style=\"font-size: small;\">Finalizando agrade\u00e7o o empenho do Presidente do CORECON-RO, Jo\u00e3o Batista Almeida; do Vice-presidente, Francisco Regis Ximenes de Almeida; e da Vice-presidenta do COFECON, Bianca Lopes de Andrade Rodrigues, em nome dos quais tamb\u00e9m agrade\u00e7o a presen\u00e7a das demais autoridades e de todos e todas neste evento\u201d.<\/span><\/span><\/p>\n","protected":false},"excerpt":{"rendered":"<p>Confira, na \u00edntegra, o discurso do presidente do Cofecon, Wellington Leonardo da Silva, na cerim\u00f4nia de abertura do XXVI Simp\u00f3sio Nacional dos Conselhos de Economia (SINCE). A solenidade ocorreu na noite do dia 19 de setembro, na cidade de Porto<\/p>\n<p><a class=\"more-link\" href=\"https:\/\/cofecon.org.br\/cofecon\/?p=6188\">Leia Mais<\/a><\/p>\n","protected":false},"author":1,"featured_media":6189,"comment_status":"closed","ping_status":"open","sticky":false,"template":"","format":"standard","meta":{"footnotes":""},"categories":[47,2,51],"tags":[],"class_list":["post-6188","post","type-post","status-publish","format-standard","has-post-thumbnail","hentry","category-acoes-da-presidencia-wellington","category-noticias","category-since-2018"],"_links":{"self":[{"href":"https:\/\/cofecon.org.br\/cofecon\/index.php?rest_route=\/wp\/v2\/posts\/6188"}],"collection":[{"href":"https:\/\/cofecon.org.br\/cofecon\/index.php?rest_route=\/wp\/v2\/posts"}],"about":[{"href":"https:\/\/cofecon.org.br\/cofecon\/index.php?rest_route=\/wp\/v2\/types\/post"}],"author":[{"embeddable":true,"href":"https:\/\/cofecon.org.br\/cofecon\/index.php?rest_route=\/wp\/v2\/users\/1"}],"replies":[{"embeddable":true,"href":"https:\/\/cofecon.org.br\/cofecon\/index.php?rest_route=%2Fwp%2Fv2%2Fcomments&post=6188"}],"version-history":[{"count":0,"href":"https:\/\/cofecon.org.br\/cofecon\/index.php?rest_route=\/wp\/v2\/posts\/6188\/revisions"}],"wp:featuredmedia":[{"embeddable":true,"href":"https:\/\/cofecon.org.br\/cofecon\/index.php?rest_route=\/wp\/v2\/media\/6189"}],"wp:attachment":[{"href":"https:\/\/cofecon.org.br\/cofecon\/index.php?rest_route=%2Fwp%2Fv2%2Fmedia&parent=6188"}],"wp:term":[{"taxonomy":"category","embeddable":true,"href":"https:\/\/cofecon.org.br\/cofecon\/index.php?rest_route=%2Fwp%2Fv2%2Fcategories&post=6188"},{"taxonomy":"post_tag","embeddable":true,"href":"https:\/\/cofecon.org.br\/cofecon\/index.php?rest_route=%2Fwp%2Fv2%2Ftags&post=6188"}],"curies":[{"name":"wp","href":"https:\/\/api.w.org\/{rel}","templated":true}]}}