{"id":6170,"date":"2018-09-14T11:48:51","date_gmt":"2018-09-14T14:48:51","guid":{"rendered":"http:\/\/www.cofecon.org.br\/?p=6170"},"modified":"2018-09-14T11:48:51","modified_gmt":"2018-09-14T14:48:51","slug":"economistas-do-corecon-rn-participam-de-entrevistas-no-estado","status":"publish","type":"post","link":"https:\/\/cofecon.org.br\/cofecon\/?p=6170","title":{"rendered":"Economistas do Corecon-RN participam de entrevistas no estado"},"content":{"rendered":"<p style=\"text-align: justify;\"><a href=\"http:\/\/cofecon.org.br\/cofecon\/wp-content\/uploads\/2018\/09\/ricardo-01.jpg\"><img loading=\"lazy\" decoding=\"async\" class=\"alignleft wp-image-6172 size-medium\" src=\"http:\/\/www.cofecon.org.br\/wp-content\/uploads\/2018\/09\/ricardo-01-300x134.jpg\" alt=\"\" width=\"300\" height=\"134\" srcset=\"https:\/\/cofecon.org.br\/cofecon\/wp-content\/uploads\/2018\/09\/ricardo-01-300x134.jpg 300w, https:\/\/cofecon.org.br\/cofecon\/wp-content\/uploads\/2018\/09\/ricardo-01-1024x457.jpg 1024w, https:\/\/cofecon.org.br\/cofecon\/wp-content\/uploads\/2018\/09\/ricardo-01-768x343.jpg 768w, https:\/\/cofecon.org.br\/cofecon\/wp-content\/uploads\/2018\/09\/ricardo-01-1536x686.jpg 1536w, https:\/\/cofecon.org.br\/cofecon\/wp-content\/uploads\/2018\/09\/ricardo-01-800x357.jpg 800w, https:\/\/cofecon.org.br\/cofecon\/wp-content\/uploads\/2018\/09\/ricardo-01.jpg 1568w\" sizes=\"(max-width: 300px) 100vw, 300px\" \/><\/a>Economistas do Rio Grande do Norte t\u00eam participado de entrevistas no estado para esclarecer a popula\u00e7\u00e3o sobre diversos temas relacionados \u00e0 economia brasileira e potiguar. Com uma linguagem simples de f\u00e1cil acessibilidade, os profissionais da \u00e1rea buscam oferecer explica\u00e7\u00f5es para que a sociedade tenha uma melhor compreens\u00e3o da atual situa\u00e7\u00e3o econ\u00f4mica.<span id=\"more-2626\"><\/span><\/p>\n<p style=\"text-align: justify;\">Esta semana, o economista Janduir Nobrega participou de entrevista sobre o aumento dos combust\u00edveis; o professor Divanilson Silva abordou o endividamento das fam\u00edlias brasileiras; e o conselheiro do Conselho Regional de Economia do Rio Grande do Norte (Corecon-RN) Leovigildo Cavalcanti esclareceu os telespectadores do Bom Dia RN (TV Globo) sobre o reajuste dos alugu\u00e9is e o dilema entre os riscos do propriet\u00e1rio aplicar os percentuais ou negociar os \u00edndices de reajuste para n\u00e3o perder um bom inquilino.<\/p>\n<p style=\"text-align: justify;\">No dia 13 de setembro o presidente do CORECON\/RN, Ricardo Val\u00e9rio Menezes, conversou com a Intertv sobre a latente e crescente Economia Colaborativa. Durante sua fala, abordou a economia compartilhada, tamb\u00e9m chamada de colaborativa, e exemplificou: \u201cA Uber, na qual\u00a0est\u00e3o as maiores frotas de ve\u00edculos sem que a empresa tenha um \u00fanico carro, e a AirBnB,\u00a0 a maior empresa de loca\u00e7\u00e3o de hospedagens sem dispor de nenhum conglomerado de im\u00f3veis, s\u00e3o exemplos s\u00f3lidos da pr\u00f3spera Economia Colaborativa e seu exponencial\u201d, explicou.<\/p>\n","protected":false},"excerpt":{"rendered":"<p>Economistas do Rio Grande do Norte t\u00eam participado de entrevistas no estado para esclarecer a popula\u00e7\u00e3o sobre diversos temas relacionados \u00e0 economia brasileira e potiguar. Com uma linguagem simples de f\u00e1cil acessibilidade, os profissionais da \u00e1rea buscam oferecer explica\u00e7\u00f5es para<\/p>\n<p><a class=\"more-link\" href=\"https:\/\/cofecon.org.br\/cofecon\/?p=6170\">Leia Mais<\/a><\/p>\n","protected":false},"author":1,"featured_media":6173,"comment_status":"closed","ping_status":"open","sticky":false,"template":"","format":"standard","meta":{"footnotes":""},"categories":[5],"tags":[],"class_list":["post-6170","post","type-post","status-publish","format-standard","has-post-thumbnail","hentry","category-corecons-na-midia"],"_links":{"self":[{"href":"https:\/\/cofecon.org.br\/cofecon\/index.php?rest_route=\/wp\/v2\/posts\/6170"}],"collection":[{"href":"https:\/\/cofecon.org.br\/cofecon\/index.php?rest_route=\/wp\/v2\/posts"}],"about":[{"href":"https:\/\/cofecon.org.br\/cofecon\/index.php?rest_route=\/wp\/v2\/types\/post"}],"author":[{"embeddable":true,"href":"https:\/\/cofecon.org.br\/cofecon\/index.php?rest_route=\/wp\/v2\/users\/1"}],"replies":[{"embeddable":true,"href":"https:\/\/cofecon.org.br\/cofecon\/index.php?rest_route=%2Fwp%2Fv2%2Fcomments&post=6170"}],"version-history":[{"count":0,"href":"https:\/\/cofecon.org.br\/cofecon\/index.php?rest_route=\/wp\/v2\/posts\/6170\/revisions"}],"wp:featuredmedia":[{"embeddable":true,"href":"https:\/\/cofecon.org.br\/cofecon\/index.php?rest_route=\/wp\/v2\/media\/6173"}],"wp:attachment":[{"href":"https:\/\/cofecon.org.br\/cofecon\/index.php?rest_route=%2Fwp%2Fv2%2Fmedia&parent=6170"}],"wp:term":[{"taxonomy":"category","embeddable":true,"href":"https:\/\/cofecon.org.br\/cofecon\/index.php?rest_route=%2Fwp%2Fv2%2Fcategories&post=6170"},{"taxonomy":"post_tag","embeddable":true,"href":"https:\/\/cofecon.org.br\/cofecon\/index.php?rest_route=%2Fwp%2Fv2%2Ftags&post=6170"}],"curies":[{"name":"wp","href":"https:\/\/api.w.org\/{rel}","templated":true}]}}