{"id":6157,"date":"2018-09-14T11:43:22","date_gmt":"2018-09-14T14:43:22","guid":{"rendered":"http:\/\/www.cofecon.org.br\/?p=6157"},"modified":"2018-09-14T11:43:22","modified_gmt":"2018-09-14T14:43:22","slug":"6157","status":"publish","type":"post","link":"https:\/\/cofecon.org.br\/cofecon\/?p=6157","title":{"rendered":"Presidente participa de semin\u00e1rio internacional"},"content":{"rendered":"<p style=\"text-align: justify;\"><a href=\"http:\/\/cofecon.org.br\/cofecon\/wp-content\/uploads\/2018\/09\/cuba-2-reduz.jpg\"><img loading=\"lazy\" decoding=\"async\" class=\"size-medium wp-image-6269 alignleft\" src=\"http:\/\/www.cofecon.org.br\/wp-content\/uploads\/2018\/09\/cuba-2-reduz-300x214.jpg\" alt=\"\" width=\"300\" height=\"214\" srcset=\"https:\/\/cofecon.org.br\/cofecon\/wp-content\/uploads\/2018\/09\/cuba-2-reduz-300x214.jpg 300w, https:\/\/cofecon.org.br\/cofecon\/wp-content\/uploads\/2018\/09\/cuba-2-reduz.jpg 350w\" sizes=\"(max-width: 300px) 100vw, 300px\" \/><\/a>O presidente do Conselho Federal de Economia, Wellington Leonardo da Silva, participou do semin\u00e1rio &#8220;A Economia da Am\u00e9rica Latina e Caribe diante do novo contexto internacional. Principais desafios&#8221;, realizado de 11 a 13 de setembro na cidade de Havana. O evento foi promovido pela Associa\u00e7\u00e3o de Economistas da Am\u00e9rica Latina e Caribe (AEALC) e pela Associa\u00e7\u00e3o Nacional de Economistas e Contadores de Cuba (ANEC).<\/p>\n<p style=\"text-align: justify;\">Entre os temas debatidos estiveram a continuidade dos efeitos da crise econ\u00f4mica global, a modifica\u00e7\u00e3o na estrutura produtiva e de com\u00e9rcio da Am\u00e9rica Latina e Caribe, impactos das mudan\u00e7as tecnol\u00f3gicas, integra\u00e7\u00e3o continental, fluxos financeiros, pol\u00edticas p\u00fablicas e cooperativismo.<\/p>\n<p style=\"text-align: justify;\">Wellington Leonardo realizou a palestra principal do evento, transmitida pela TV local, na qual tratou da conjuntura pol\u00edtica e econ\u00f4mica do Brasil, que pode ser acessada em <span style=\"text-decoration: underline;\"><strong><a href=\"http:\/\/cofecon.org.br\/cofecon\/wp-content\/uploads\/2018\/09\/Conjuntura-Agosto-2018-LeoP.pdf\">portugu\u00eas<\/a><\/strong><\/span> ou\u00a0<a href=\"http:\/\/cofecon.org.br\/cofecon\/wp-content\/uploads\/2018\/09\/Conjuntura-agosto-2018-Leo.pdf\"><strong><span style=\"text-decoration: underline;\">espanhol<\/span><\/strong><\/a>.<\/p>\n<table style=\"border-collapse: collapse; width: 100%; height: 233px;\" border=\"1\">\n<tbody>\n<tr style=\"height: 233px;\">\n<td style=\"width: 50%; height: 233px;\"><a href=\"http:\/\/cofecon.org.br\/cofecon\/wp-content\/uploads\/2018\/09\/cuba-5-reduz.jpg\"><img loading=\"lazy\" decoding=\"async\" class=\"alignnone size-medium wp-image-6271\" src=\"http:\/\/www.cofecon.org.br\/wp-content\/uploads\/2018\/09\/cuba-5-reduz-300x225.jpg\" alt=\"\" width=\"300\" height=\"225\" srcset=\"https:\/\/cofecon.org.br\/cofecon\/wp-content\/uploads\/2018\/09\/cuba-5-reduz-300x225.jpg 300w, https:\/\/cofecon.org.br\/cofecon\/wp-content\/uploads\/2018\/09\/cuba-5-reduz.jpg 333w\" sizes=\"(max-width: 300px) 100vw, 300px\" \/><\/a><\/td>\n<td style=\"width: 50%; height: 233px;\"><a href=\"http:\/\/cofecon.org.br\/cofecon\/wp-content\/uploads\/2018\/09\/cuba-3-reduzida.jpg\"><img loading=\"lazy\" decoding=\"async\" class=\"alignnone size-medium wp-image-6272\" src=\"http:\/\/www.cofecon.org.br\/wp-content\/uploads\/2018\/09\/cuba-3-reduzida-300x214.jpg\" alt=\"\" width=\"300\" height=\"214\" srcset=\"https:\/\/cofecon.org.br\/cofecon\/wp-content\/uploads\/2018\/09\/cuba-3-reduzida-300x214.jpg 300w, https:\/\/cofecon.org.br\/cofecon\/wp-content\/uploads\/2018\/09\/cuba-3-reduzida.jpg 350w\" sizes=\"(max-width: 300px) 100vw, 300px\" \/><\/a><\/td>\n<\/tr>\n<\/tbody>\n<\/table>\n","protected":false},"excerpt":{"rendered":"<p>O presidente do Conselho Federal de Economia, Wellington Leonardo da Silva, participou do semin\u00e1rio &#8220;A Economia da Am\u00e9rica Latina e Caribe diante do novo contexto internacional. Principais desafios&#8221;, realizado de 11 a 13 de setembro na cidade de Havana. O<\/p>\n<p><a class=\"more-link\" href=\"https:\/\/cofecon.org.br\/cofecon\/?p=6157\">Leia Mais<\/a><\/p>\n","protected":false},"author":1,"featured_media":6272,"comment_status":"closed","ping_status":"open","sticky":false,"template":"","format":"standard","meta":{"footnotes":""},"categories":[47],"tags":[],"class_list":["post-6157","post","type-post","status-publish","format-standard","has-post-thumbnail","hentry","category-acoes-da-presidencia-wellington"],"_links":{"self":[{"href":"https:\/\/cofecon.org.br\/cofecon\/index.php?rest_route=\/wp\/v2\/posts\/6157"}],"collection":[{"href":"https:\/\/cofecon.org.br\/cofecon\/index.php?rest_route=\/wp\/v2\/posts"}],"about":[{"href":"https:\/\/cofecon.org.br\/cofecon\/index.php?rest_route=\/wp\/v2\/types\/post"}],"author":[{"embeddable":true,"href":"https:\/\/cofecon.org.br\/cofecon\/index.php?rest_route=\/wp\/v2\/users\/1"}],"replies":[{"embeddable":true,"href":"https:\/\/cofecon.org.br\/cofecon\/index.php?rest_route=%2Fwp%2Fv2%2Fcomments&post=6157"}],"version-history":[{"count":0,"href":"https:\/\/cofecon.org.br\/cofecon\/index.php?rest_route=\/wp\/v2\/posts\/6157\/revisions"}],"wp:featuredmedia":[{"embeddable":true,"href":"https:\/\/cofecon.org.br\/cofecon\/index.php?rest_route=\/wp\/v2\/media\/6272"}],"wp:attachment":[{"href":"https:\/\/cofecon.org.br\/cofecon\/index.php?rest_route=%2Fwp%2Fv2%2Fmedia&parent=6157"}],"wp:term":[{"taxonomy":"category","embeddable":true,"href":"https:\/\/cofecon.org.br\/cofecon\/index.php?rest_route=%2Fwp%2Fv2%2Fcategories&post=6157"},{"taxonomy":"post_tag","embeddable":true,"href":"https:\/\/cofecon.org.br\/cofecon\/index.php?rest_route=%2Fwp%2Fv2%2Ftags&post=6157"}],"curies":[{"name":"wp","href":"https:\/\/api.w.org\/{rel}","templated":true}]}}