{"id":6154,"date":"2018-09-13T10:23:13","date_gmt":"2018-09-13T13:23:13","guid":{"rendered":"http:\/\/www.cofecon.org.br\/?p=6154"},"modified":"2018-09-13T10:23:13","modified_gmt":"2018-09-13T13:23:13","slug":"artigo-mais-do-mesmo","status":"publish","type":"post","link":"https:\/\/cofecon.org.br\/cofecon\/?p=6154","title":{"rendered":"Artigo &#8211; Mais do mesmo"},"content":{"rendered":"<p align=\"justify\"><span style=\"color: #00000a;\"><span style=\"font-family: Calibri, serif;\"><span style=\"font-size: large;\"> O calend\u00e1rio eleitoral sempre nos remete ao <\/span><\/span><\/span><span style=\"color: #00000a;\"><span style=\"font-family: Calibri, serif;\"><span style=\"font-size: large;\"><i>d\u00e9j\u00e0 vu<\/i><\/span><\/span><\/span><span style=\"color: #00000a;\"><span style=\"font-family: Calibri, serif;\"><span style=\"font-size: large;\">.<\/span><\/span><\/span><\/p>\n<p align=\"justify\"><span style=\"color: #00000a;\"><span style=\"font-family: Calibri, serif;\"><span style=\"font-size: large;\"> A Lei de Acesso \u00e0 Informa\u00e7\u00e3o e a insist\u00eancia dos governantes em fazer crer nos n\u00fameros da situa\u00e7\u00e3o or\u00e7ament\u00e1ria e financeira que eles anunciam n\u00e3o s\u00e3o suficientes para nos convencer de que uns e outros estejam certos: os que dizem que h\u00e1 recursos n\u00e3o h\u00e1 recursos para qualquer promessa ou demanda.<\/span><\/span><\/span><\/p>\n<p align=\"justify\"><span style=\"color: #00000a;\"><span style=\"font-family: Calibri, serif;\"><span style=\"font-size: large;\"> Nos discursos cabe tudo o que v\u00e3o fazer e o que n\u00e3o puderam fazer. No meio disso, o eleitor, o cidad\u00e3o. \u00c9 uma quest\u00e3o de f\u00e9 ou de credibilidade no(s) candidato(s).<\/span><\/span><\/span><\/p>\n<p align=\"justify\"><span style=\"color: #00000a;\"><span style=\"font-family: Calibri, serif;\"><span style=\"font-size: large;\"> A nossa Contabilidade ainda n\u00e3o assegurou uma vis\u00e3o objetiva e imparcial das contas p\u00fablicas. Os que entram alegam ter recebido uma <\/span><\/span><\/span><span style=\"color: #00000a;\"><span style=\"font-family: Calibri, serif;\"><span style=\"font-size: large;\"><i>heran\u00e7a maldita<\/i><\/span><\/span><\/span><span style=\"color: #00000a;\"><span style=\"font-family: Calibri, serif;\"><span style=\"font-size: large;\">, com d\u00edvidas e sem dinheiro no cofre; os que saem afirmam o contr\u00e1rio.<\/span><\/span><\/span><\/p>\n<p align=\"justify\"><i> <\/i><span style=\"color: #00000a;\"><span style=\"font-family: Calibri, serif;\"><span style=\"font-size: large;\">Em nome da austeridade, quem entra anuncia mais ou menos as mesmas coisas: redu\u00e7\u00e3o do n\u00famero de \u00f3rg\u00e3os, extin\u00e7\u00e3o de cargos de confian\u00e7a, suspens\u00e3o da realiza\u00e7\u00e3o de concursos e da nomea\u00e7\u00e3o de concursados, renegocia\u00e7\u00e3o de contratos etc. Geralmente, ao final dos mandatos, o n\u00famero de \u00f3rg\u00e3os \u00e9 um pouquinho maior e os cargos de confian\u00e7a foram preenchidos, por outros. At\u00e9 porque a \u00fanica solu\u00e7\u00e3o \u2013 <\/span><\/span><\/span><span style=\"color: #00000a;\"><span style=\"font-family: Calibri, serif;\"><span style=\"font-size: large;\"><i>emergencial \u2013 <\/i><\/span><\/span><\/span><span style=\"color: #00000a;\"><span style=\"font-family: Calibri, serif;\"><span style=\"font-size: large;\">para qualquer problema \u00e9 criar uma nova estrutura, com os respectivos cargos, de livre nomea\u00e7\u00e3o. Que se dane o funcionamento normal e continuado da Administra\u00e7\u00e3o.<\/span><\/span><\/span><\/p>\n<p align=\"justify\"><span style=\"color: #00000a;\"><span style=\"font-family: Calibri, serif;\"><span style=\"font-size: large;\"> Tudo indica que a forma de exposi\u00e7\u00e3o cont\u00e1bil da execu\u00e7\u00e3o or\u00e7ament\u00e1ria e financeira deveria ser diferente, e que o acesso \u00e0s informa\u00e7\u00f5es teria que ser incondicionalmente disponibilizado para as representa\u00e7\u00f5es da sociedade civil, academia, conselhos, especialistas, que efetivamente esclarecessem a opini\u00e3o p\u00fablica, <\/span><\/span><\/span><span style=\"color: #00000a;\"><span style=\"font-family: Calibri, serif;\"><span style=\"font-size: large;\"><i>mediando <\/i><\/span><\/span><\/span><span style=\"color: #00000a;\"><span style=\"font-family: Calibri, serif;\"><span style=\"font-size: large;\">diverg\u00eancias e <\/span><\/span><\/span><span style=\"color: #00000a;\"><span style=\"font-family: Calibri, serif;\"><span style=\"font-size: large;\"><i>arbitrando <\/i><\/span><\/span><\/span><span style=\"color: #00000a;\"><span style=\"font-family: Calibri, serif;\"><span style=\"font-size: large;\">conflitos entre o Poder P\u00fablico e as diversas esferas da cidadania.<\/span><\/span><\/span><\/p>\n<hr \/>\n<p align=\"justify\"><strong>Roberto Piscitelli, ex-conselheiro do Cofecon, \u00e9 professor da Universidade de Bras\u00edlia<\/strong><\/p>\n","protected":false},"excerpt":{"rendered":"<p>O calend\u00e1rio eleitoral sempre nos remete ao d\u00e9j\u00e0 vu. A Lei de Acesso \u00e0 Informa\u00e7\u00e3o e a insist\u00eancia dos governantes em fazer crer nos n\u00fameros da situa\u00e7\u00e3o or\u00e7ament\u00e1ria e financeira que eles anunciam n\u00e3o s\u00e3o suficientes para nos convencer de<\/p>\n<p><a class=\"more-link\" href=\"https:\/\/cofecon.org.br\/cofecon\/?p=6154\">Leia Mais<\/a><\/p>\n","protected":false},"author":1,"featured_media":6155,"comment_status":"closed","ping_status":"open","sticky":false,"template":"","format":"standard","meta":{"footnotes":""},"categories":[6],"tags":[],"class_list":["post-6154","post","type-post","status-publish","format-standard","has-post-thumbnail","hentry","category-artigo"],"_links":{"self":[{"href":"https:\/\/cofecon.org.br\/cofecon\/index.php?rest_route=\/wp\/v2\/posts\/6154"}],"collection":[{"href":"https:\/\/cofecon.org.br\/cofecon\/index.php?rest_route=\/wp\/v2\/posts"}],"about":[{"href":"https:\/\/cofecon.org.br\/cofecon\/index.php?rest_route=\/wp\/v2\/types\/post"}],"author":[{"embeddable":true,"href":"https:\/\/cofecon.org.br\/cofecon\/index.php?rest_route=\/wp\/v2\/users\/1"}],"replies":[{"embeddable":true,"href":"https:\/\/cofecon.org.br\/cofecon\/index.php?rest_route=%2Fwp%2Fv2%2Fcomments&post=6154"}],"version-history":[{"count":0,"href":"https:\/\/cofecon.org.br\/cofecon\/index.php?rest_route=\/wp\/v2\/posts\/6154\/revisions"}],"wp:featuredmedia":[{"embeddable":true,"href":"https:\/\/cofecon.org.br\/cofecon\/index.php?rest_route=\/wp\/v2\/media\/6155"}],"wp:attachment":[{"href":"https:\/\/cofecon.org.br\/cofecon\/index.php?rest_route=%2Fwp%2Fv2%2Fmedia&parent=6154"}],"wp:term":[{"taxonomy":"category","embeddable":true,"href":"https:\/\/cofecon.org.br\/cofecon\/index.php?rest_route=%2Fwp%2Fv2%2Fcategories&post=6154"},{"taxonomy":"post_tag","embeddable":true,"href":"https:\/\/cofecon.org.br\/cofecon\/index.php?rest_route=%2Fwp%2Fv2%2Ftags&post=6154"}],"curies":[{"name":"wp","href":"https:\/\/api.w.org\/{rel}","templated":true}]}}