{"id":6144,"date":"2018-09-12T14:58:08","date_gmt":"2018-09-12T17:58:08","guid":{"rendered":"http:\/\/www.cofecon.org.br\/?p=6144"},"modified":"2018-09-12T14:58:08","modified_gmt":"2018-09-12T17:58:08","slug":"conheca-os-vencedores-do-xxiv-premio-brasil-de-economia","status":"publish","type":"post","link":"https:\/\/cofecon.org.br\/cofecon\/?p=6144","title":{"rendered":"Conhe\u00e7a os vencedores do XXIV Pr\u00eamio Brasil de Economia &#8211; 2018"},"content":{"rendered":"<p style=\"text-align: justify;\">Os vencedores do XXIV Pr\u00eamio Brasil de Economia j\u00e1 foram definidos. A premia\u00e7\u00e3o dos primeiros colocados nas categorias monografias de gradua\u00e7\u00e3o, disserta\u00e7\u00f5es de mestrado, teses de doutorado, artigos t\u00e9cnicos\/cient\u00edficos e livros de Economia ocorrer\u00e1 durante o XXVI Simp\u00f3sio Nacional dos Conselhos de Economia (SINCE), a ser realizado de 19 a 21 de setembro de 2018 em Porto Velho, Rond\u00f4nia.<\/p>\n<p style=\"text-align: justify;\">O objetivo do Pr\u00eamio Brasil de Economia, organizado pelo Conselho Federal de Economia, \u00e9 estimular a reflex\u00e3o cr\u00edtica sobre a Economia como ramo de conhecimento, primando por seu car\u00e1ter aplicado, especialmente nas quest\u00f5es ligadas a aspectos econ\u00f4micos, sociais e regionais da sociedade brasileira e a sua inter-rela\u00e7\u00e3o com o exerc\u00edcio da profiss\u00e3o de economista.<\/p>\n<p>Confira a lista de vencedores:<\/p>\n<p><strong>CATEGORIA LIVRO DE ECONOMIA:<\/strong><\/p>\n<p style=\"text-align: justify;\">1\u00ba Lugar (Pr\u00eamio de R$ 8.000,00): Economista: Anita Kon &#8211; Registro: 07941-SP. T\u00edtulo: \u201cEconomia Industrial: Teorias e Estrat\u00e9gias\u201d;<\/p>\n<p style=\"text-align: justify;\">2\u00ba Lugar (Men\u00e7\u00e3o honrosa): Economista: Tiago Oliveira &#8211; Registro: 6149-DF. T\u00edtulo: \u201cTrabalho e padr\u00e3o do desenvolvimento: uma reflex\u00e3o sobre a reconfigura\u00e7\u00e3o do mercado de trabalho brasileiro\u201d;<\/p>\n<p style=\"text-align: justify;\">3\u00ba Lugar (Men\u00e7\u00e3o honrosa): Economista: Gustavo Henrique de Barroso Franco &#8211; Registro: 12.614-RJ. T\u00edtulo: \u201cA moeda e a lei: uma hist\u00f3ria monet\u00e1ria Brasileira, 1933 &#8211; 2013\u201d.<\/p>\n<p><strong>CATEGORIA TESE DE DOUTORADO:<\/strong><\/p>\n<p>1\u00ba Lugar (Pr\u00eamio de R$ 7.000,00): Economista: Elizabeth Moura Germano de Oliveira &#8211; Registro: 6424-BA. T\u00edtulo: \u201cA Economia do Conhecimento e uma nova forma de depend\u00eancia no capitalismo brasileiro.\u201d;<\/p>\n<p style=\"text-align: justify;\">2\u00ba Lugar (Men\u00e7\u00e3o honrosa): Economista: Jo\u00e3o Marcos Hausmann Tavares &#8211; Registro: 27527-RJ. T\u00edtulo: \u201cA Economia pol\u00edtica da internacionaliza\u00e7\u00e3o financeira e tecnol\u00f3gica: uma an\u00e1lise das contribui\u00e7\u00f5es de Fran\u00e7ois Chesnais e Maria da Concei\u00e7\u00e3o Tavares\u201d;<\/p>\n<p style=\"text-align: justify;\">3\u00ba Lugar (Men\u00e7\u00e3o honrosa): Economista: Lucas Vitor de Carvalho Sousa &#8211; Registro: 6961-DF. T\u00edtulo: \u201cEstrutura de custos e efeitos de vari\u00e1veis clim\u00e1ticas: uma an\u00e1lise para o setor de saneamento no Brasil\u201d.<\/p>\n<p><strong>CATEGORIA DISSERTA\u00c7\u00c3O DE MESTRADO:<\/strong><\/p>\n<p style=\"text-align: justify;\">1\u00ba Lugar (Pr\u00eamio de R$ 5.000,00): Economista: Laura Calvi Gomes &#8211; Registro: 8600-PR. T\u00edtulo: \u201cDois ensaios sobre a qualidade da educa\u00e7\u00e3o e crescimento regional no Brasil\u201d;<\/p>\n<p style=\"text-align: justify;\">2\u00ba Lugar (Men\u00e7\u00e3o honrosa): Economista: Bruno Lacerda Zanatto &#8211; Registro: 36257-BA. T\u00edtulo: \u201cAn\u00e1lise dos impactos da medida provis\u00f3ria n\u00ba 579 sobre os leil\u00f5es de transmiss\u00e3o de energia el\u00e9trica no Brasil\u201d;<\/p>\n<p style=\"text-align: justify;\">3\u00ba Lugar (Men\u00e7\u00e3o honrosa): Economista: Ingrid Rafaele Rodrigues Leiria &#8211; Registro: 8383-RS. T\u00edtulo: \u201cA racionalidade no mercado ilegal: O efeito da demanda de bens il\u00edcitos na taxa de criminalidade do Rio Grande do Sul entre 2002 e 2015\u201d.<\/p>\n<p><strong>CATEGORIA ARTIGO T\u00c9CNICO OU CIENT\u00cdFICO:<\/strong><\/p>\n<p>1\u00ba Lugar (Pr\u00eamio de R$ 3.000,00): O Economista: Jandir Ferrera de Lima \u2013 Registro: 5710-PR e Augusta Pelinski Raiher \u2013 Registro: 7148-PR. T\u00edtulo: \u201cDesenvolvimento e subdesenvolvimento humano no Brasil\u201d;<\/p>\n<p style=\"text-align: justify;\">2\u00ba Lugar (Men\u00e7\u00e3o honrosa): Economista: Kalinca L\u00e9ia Becker &#8211; Registro: 7029-RS. T\u00edtulo: \u201cAn\u00e1lise do efeito dos gastos p\u00fablicos na \u00e1rea social sobre o consumo de drogas dos alunos nas escolas das capitais brasileiras\u201d;<\/p>\n<p style=\"text-align: justify;\">3\u00ba Lugar (Men\u00e7\u00e3o honrosa): Economista: Benito Adelmo Salom\u00e3o Neto &#8211; Registro: 8286-MG, e\u00a0Carlos Cesar Santejo Saiani. T\u00edtulo: \u201cCria\u00e7\u00e3o de munic\u00edpios, ilus\u00e3o fiscal e captura no Brasil: uma an\u00e1lise em painel.\u201d<\/p>\n<p><strong>CATEGORIA MONOGRAFIA DE GRADUA\u00c7\u00c3O (Estudante):<\/strong><\/p>\n<p style=\"text-align: justify;\">1\u00ba Lugar (Pr\u00eamio de R$ 3.000,00): Estudante: Priscila Linck. T\u00edtulo: A Din\u00e2mica De Movimento Conjunto Dos \u00cdndices De Pre\u00e7os Das Commodities: Uma Aplica\u00e7\u00e3o Econom\u00e9trica. Institui\u00e7\u00e3o: Universidade do Vale do Rio dos Sinos (UNISINOS);<\/p>\n<p style=\"text-align: justify;\">2\u00ba Lugar (Men\u00e7\u00e3o honrosa): Estudante: Maylisson Rodrigo Fonseca. T\u00edtulo: \u201cDiferenciais De Sal\u00e1rio E Discrimina\u00e7\u00e3o Por G\u00eanero E Cor No Mercado De Trabalho Da Regi\u00e3o Norte Do Brasil, Em 2004 E 2013\u201d. Institui\u00e7\u00e3o: Universidade Estadual De Londrina \u2013 UEL.<\/p>\n<p style=\"text-align: justify;\">3\u00ba Lugar (Men\u00e7\u00e3o honrosa): Estudante: Patr\u00edcia Sampaio Cotta. T\u00edtulo: Reconsiderando o Emprego Dom\u00e9stico como Estrat\u00e9gia de Sobreviv\u00eancia da Mulher Pobre no Brasil\u201d. Institui\u00e7\u00e3o: Universidade Federal de Minas Gerais.<\/p>\n","protected":false},"excerpt":{"rendered":"<p>Os vencedores do XXIV Pr\u00eamio Brasil de Economia j\u00e1 foram definidos. A premia\u00e7\u00e3o dos primeiros colocados nas categorias monografias de gradua\u00e7\u00e3o, disserta\u00e7\u00f5es de mestrado, teses de doutorado, artigos t\u00e9cnicos\/cient\u00edficos e livros de Economia ocorrer\u00e1 durante o XXVI Simp\u00f3sio Nacional dos<\/p>\n<p><a class=\"more-link\" href=\"https:\/\/cofecon.org.br\/cofecon\/?p=6144\">Leia Mais<\/a><\/p>\n","protected":false},"author":1,"featured_media":5526,"comment_status":"closed","ping_status":"open","sticky":false,"template":"","format":"standard","meta":{"footnotes":""},"categories":[2],"tags":[],"class_list":["post-6144","post","type-post","status-publish","format-standard","has-post-thumbnail","hentry","category-noticias"],"_links":{"self":[{"href":"https:\/\/cofecon.org.br\/cofecon\/index.php?rest_route=\/wp\/v2\/posts\/6144"}],"collection":[{"href":"https:\/\/cofecon.org.br\/cofecon\/index.php?rest_route=\/wp\/v2\/posts"}],"about":[{"href":"https:\/\/cofecon.org.br\/cofecon\/index.php?rest_route=\/wp\/v2\/types\/post"}],"author":[{"embeddable":true,"href":"https:\/\/cofecon.org.br\/cofecon\/index.php?rest_route=\/wp\/v2\/users\/1"}],"replies":[{"embeddable":true,"href":"https:\/\/cofecon.org.br\/cofecon\/index.php?rest_route=%2Fwp%2Fv2%2Fcomments&post=6144"}],"version-history":[{"count":0,"href":"https:\/\/cofecon.org.br\/cofecon\/index.php?rest_route=\/wp\/v2\/posts\/6144\/revisions"}],"wp:featuredmedia":[{"embeddable":true,"href":"https:\/\/cofecon.org.br\/cofecon\/index.php?rest_route=\/wp\/v2\/media\/5526"}],"wp:attachment":[{"href":"https:\/\/cofecon.org.br\/cofecon\/index.php?rest_route=%2Fwp%2Fv2%2Fmedia&parent=6144"}],"wp:term":[{"taxonomy":"category","embeddable":true,"href":"https:\/\/cofecon.org.br\/cofecon\/index.php?rest_route=%2Fwp%2Fv2%2Fcategories&post=6144"},{"taxonomy":"post_tag","embeddable":true,"href":"https:\/\/cofecon.org.br\/cofecon\/index.php?rest_route=%2Fwp%2Fv2%2Ftags&post=6144"}],"curies":[{"name":"wp","href":"https:\/\/api.w.org\/{rel}","templated":true}]}}