{"id":5668,"date":"2018-07-30T16:44:30","date_gmt":"2018-07-30T19:44:30","guid":{"rendered":"http:\/\/www.cofecon.org.br\/?p=5668"},"modified":"2018-07-30T16:44:30","modified_gmt":"2018-07-30T19:44:30","slug":"artigo-a-visita-do-presidente-do-ibge-ao-maranhao-e-os-avancos-do-sistema-de-planejamento-do-estado","status":"publish","type":"post","link":"https:\/\/cofecon.org.br\/cofecon\/?p=5668","title":{"rendered":"Artigo &#8211; A visita do Presidente do IBGE ao Maranh\u00e3o e os avan\u00e7os do Sistema de Planejamento do Estado"},"content":{"rendered":"<p style=\"text-align: justify;\">Nesta semana que findou recebemos a honrosa visita ao Maranh\u00e3o do Presidente do Instituto Brasileiro de Geografia e Estat\u00edstica \u2013 IBGE, Roberto Olinto, acompanhado por importantes t\u00e9cnicos e gestores da institui\u00e7\u00e3o. Na quarta-feira, 25\/07, em audi\u00eancia com o Governador Fl\u00e1vio Dino, foi assinado um conv\u00eanio entre o IBGE, a Secretaria de Estado da Fazenda-SEFAZ e o IMESC versando sobre o compartilhamento e integra\u00e7\u00e3o de registros administrativos para a amplia\u00e7\u00e3o do Sistema de Contas Regionais &#8211; SCR.<\/p>\n<p style=\"text-align: justify;\">\nOs chamados registros administrativos, a exemplo da Nota Fiscal Eletr\u00f4nica (SEFAZ) e da Guia de Transporte Animal (AGED) trazem uma ampla gama de informa\u00e7\u00f5es sobre as atividades econ\u00f4micas, de baixo custo de obten\u00e7\u00e3o, tempestivas e com grande detalhamento, complementando, desta forma, o conjunto de pesquisas estruturais anuais (Produ\u00e7\u00e3o industrial, com\u00e9rcio, servi\u00e7os, agropecu\u00e1ria, etc.) realizadas pelo IBGE. A utiliza\u00e7\u00e3o dessas bases de dados permite, por exemplo visualizar-se as compras entre munic\u00edpios, abertas em at\u00e9 4 d\u00edgitos da Classifica\u00e7\u00e3o Nacional de Atividades Econ\u00f4micas &#8211; CNAE, desagregando, por exemplo, os produtos comercializados, no n\u00edvel da &#8220;farinha de mandioca e derivados&#8221;, ou &#8220;semi-acabados de a\u00e7o&#8221;, constituindo-se em ferramenta estrat\u00e9gica para a elabora\u00e7\u00e3o de pol\u00edticas industriais e de inclus\u00e3o socioprodutiva.<\/p>\n<p style=\"text-align: justify;\">\nTive a oportunidade de conhecer e trabalhar com Roberto Olinto no final da d\u00e9cada de 1990, quando exercia a coordena\u00e7\u00e3o geral do Boletim de Conjuntura Econ\u00f4mica da Secretaria de Pol\u00edtica Econ\u00f4mica do Minist\u00e9rio da Fazenda e Olinto coordenava o Sistema de Contas Nacionais do IBGE. Economista extremamente capacitado, Olinto \u00e9 daqueles entusiasmados t\u00e9cnicos de carreira do IBGE, que nos ajudou muito com seu profundo conhecimento das contas nacionais, em um momento de r\u00e1pidas transforma\u00e7\u00f5es em nossa economia (abertura comercial e financeira, estabiliza\u00e7\u00e3o inflacion\u00e1ria, desindustrializa\u00e7\u00e3o) e quando a tecnologia de processamento e armazenamento de informa\u00e7\u00f5es era tremendamente inferior ao que temos hoje.<\/p>\n<p style=\"text-align: justify;\">\nA visita do presidente do IBGE ao nosso Estado ter\u00e1 importantes desdobramentos. Al\u00e9m da assinatura do Conv\u00eanio, Olinto veio pedir apoio ao Governador Fl\u00e1vio Dino (prontamente conseguido), para garantir a realiza\u00e7\u00e3o do Censo Demogr\u00e1fico 2020, hoje amea\u00e7ado pelo irracional corte de gastos federais nos setores de ci\u00eancia, tecnologia e gest\u00e3o. Olinto, em sua fala de abertura, mencionou que a visita ao Maranh\u00e3o vinha sendo preparada com grande expectativa, em raz\u00e3o do fortalecimento do Sistema Estat\u00edstico e do Planejamento do Estado, quando na ampla maioria dos Estados est\u00e1 havendo um processo de destrui\u00e7\u00e3o de ativos dos institutos de pesquisa.<\/p>\n<p style=\"text-align: justify;\">\nColocamos como demandas para o IBGE, o apoio para a constru\u00e7\u00e3o de uma Pesquisa Industrial Mensal &#8211; Produ\u00e7\u00e3o F\u00edsica (PIM-PF) para o Estado do Maranh\u00e3o (os Estados da Bahia, Pernambuco e Cear\u00e1 j\u00e1 disp\u00f5em). Solicitamos tamb\u00e9m apoio para construir uma Matriz-Insumo Produto espec\u00edfica para o Estado do Maranh\u00e3o (tem para o Nordeste e para v\u00e1rios estados nordestinos, mas n\u00e3o h\u00e1 para o Maranh\u00e3o), assim como o PIB Trimestral. Os tr\u00eas s\u00e3o instrumentos interligados e fundamentais para avan\u00e7armos no diagn\u00f3stico, monitoramento e avalia\u00e7\u00e3o de pol\u00edticas de adensamento de cadeias produtiva e de inclus\u00e3o socioprodutiva. Olinto trouxe os dois gestores mencionados, para iniciar as articula\u00e7\u00f5es t\u00e9cnicas, que permitir\u00e3o mapear as tarefas de parte a parte, ou seja, de como o IBGE pode nos apoiar efetivamente na constru\u00e7\u00e3o daqueles 3 instrumentos.<\/p>\n<p style=\"text-align: justify;\">\nNo dia anterior \u00e0 audi\u00eancia com o Governador Fl\u00e1vio Dino, Olinto participou como palestrante de uma reuni\u00e3o realizada no Pal\u00e1cio Henrique de La Rocque, com representantes de v\u00e1rias secretarias e \u00f3rg\u00e3os da administra\u00e7\u00e3o estadual, a exemplo da SEPLAN, SEGOV, SEDIHPOP, SEINC, SEPE, SAGRIMA, Sistema SAF, SECID, Assessoria Especial do Governador, assim como t\u00e9cnicos e gestores da \u00e1rea de Planejamento dos munic\u00edpios de S\u00e3o Lu\u00eds e S\u00e3o Jos\u00e9 de Ribamar. Participaram tamb\u00e9m representantes de v\u00e1rios programas de gradua\u00e7\u00e3o e p\u00f3s-gradua\u00e7\u00e3o da UEMA e da UFMA, assim como t\u00e9cnicos de associa\u00e7\u00f5es empresariais como FIEMA, FAEMA, e ainda do Tribunal de Contas do Estado, e, claro, v\u00e1rios t\u00e9cnicos do IMESC e do IBGE estadual. A ampla e diversificada audi\u00eancia presente ao encontro e o excelente n\u00edvel t\u00e9cnico do encontro mostram como avan\u00e7amos no Estado do Maranh\u00e3o na agenda da integra\u00e7\u00e3o de bases de informa\u00e7\u00f5es para o Planejamento p\u00fablico e privado.<\/p>\n<p style=\"text-align: justify;\">\n\u00c9 importante ter-se em mente que este conv\u00eanio constitui-se no in\u00edcio de um programa de trabalho a ser desenvolvido, com prazos de matura\u00e7\u00e3o que podem chegar a at\u00e9 10 anos. O Maranh\u00e3o j\u00e1 ocupa um papel de destaque na lideran\u00e7a das inova\u00e7\u00f5es institucionais no campo da produ\u00e7\u00e3o e utiliza\u00e7\u00e3o de estat\u00edsticas e registros administrativos, uma vez que a SEFAZ, sob a capacitada coordena\u00e7\u00e3o do Secret\u00e1rio Marcellus Ribeiro Alves, j\u00e1 vem partilhando de forma sistem\u00e1tica registros administrativos com o IMESC, a SEINC e o departamento Econ\u00f4mico da FIEMA, entre outras institui\u00e7\u00f5es. Estamos na vanguarda, porque j\u00e1 avan\u00e7amos no mapeamento e na compatibiliza\u00e7\u00e3o com o respeito integral \u00e0 prote\u00e7\u00e3o do sigilo fiscal das empresas geradoras dos documentos eletr\u00f4nicos.<\/p>\n<p style=\"text-align: justify;\">\nClaro que h\u00e1 muito trabalho a ser feito, e com a necess\u00e1ria participa\u00e7\u00e3o de todas as institui\u00e7\u00f5es presentes. Foram dois eventos que ficar\u00e3o na Hist\u00f3ria como marcos do desenvolvimento do sistema de planejamento p\u00fablico e privado no Maranh\u00e3o. Que mostram como, n\u00e3o obstante as restri\u00e7\u00f5es da crise fiscal e pol\u00edtico-institucional no plano federal, \u00e9 poss\u00edvel avan\u00e7armos na agenda do desenvolvimento quando se combinam compromisso com o desenvolvimento econ\u00f4mico e social e uso qualificado da intelig\u00eancia territorial.<\/p>\n<p><strong>Felipe Macedo de Holanda &#8211;\u00a0Presidente do Imesc e Conselheiro Efetivo do Conselho Federal de Economia.<\/strong><\/p>\n","protected":false},"excerpt":{"rendered":"<p>Nesta semana que findou recebemos a honrosa visita ao Maranh\u00e3o do Presidente do Instituto Brasileiro de Geografia e Estat\u00edstica \u2013 IBGE, Roberto Olinto, acompanhado por importantes t\u00e9cnicos e gestores da institui\u00e7\u00e3o. Na quarta-feira, 25\/07, em audi\u00eancia com o Governador Fl\u00e1vio<\/p>\n<p><a class=\"more-link\" href=\"https:\/\/cofecon.org.br\/cofecon\/?p=5668\">Leia Mais<\/a><\/p>\n","protected":false},"author":1,"featured_media":5669,"comment_status":"open","ping_status":"open","sticky":false,"template":"","format":"standard","meta":{"footnotes":""},"categories":[6,5],"tags":[],"class_list":["post-5668","post","type-post","status-publish","format-standard","has-post-thumbnail","hentry","category-artigo","category-corecons-na-midia"],"_links":{"self":[{"href":"https:\/\/cofecon.org.br\/cofecon\/index.php?rest_route=\/wp\/v2\/posts\/5668"}],"collection":[{"href":"https:\/\/cofecon.org.br\/cofecon\/index.php?rest_route=\/wp\/v2\/posts"}],"about":[{"href":"https:\/\/cofecon.org.br\/cofecon\/index.php?rest_route=\/wp\/v2\/types\/post"}],"author":[{"embeddable":true,"href":"https:\/\/cofecon.org.br\/cofecon\/index.php?rest_route=\/wp\/v2\/users\/1"}],"replies":[{"embeddable":true,"href":"https:\/\/cofecon.org.br\/cofecon\/index.php?rest_route=%2Fwp%2Fv2%2Fcomments&post=5668"}],"version-history":[{"count":0,"href":"https:\/\/cofecon.org.br\/cofecon\/index.php?rest_route=\/wp\/v2\/posts\/5668\/revisions"}],"wp:featuredmedia":[{"embeddable":true,"href":"https:\/\/cofecon.org.br\/cofecon\/index.php?rest_route=\/wp\/v2\/media\/5669"}],"wp:attachment":[{"href":"https:\/\/cofecon.org.br\/cofecon\/index.php?rest_route=%2Fwp%2Fv2%2Fmedia&parent=5668"}],"wp:term":[{"taxonomy":"category","embeddable":true,"href":"https:\/\/cofecon.org.br\/cofecon\/index.php?rest_route=%2Fwp%2Fv2%2Fcategories&post=5668"},{"taxonomy":"post_tag","embeddable":true,"href":"https:\/\/cofecon.org.br\/cofecon\/index.php?rest_route=%2Fwp%2Fv2%2Ftags&post=5668"}],"curies":[{"name":"wp","href":"https:\/\/api.w.org\/{rel}","templated":true}]}}