{"id":5665,"date":"2018-07-30T16:40:48","date_gmt":"2018-07-30T19:40:48","guid":{"rendered":"http:\/\/www.cofecon.org.br\/?p=5665"},"modified":"2018-07-30T16:40:48","modified_gmt":"2018-07-30T19:40:48","slug":"plenaria-do-cofecon-discutiu-a-questao-dos-juros-no-brasil","status":"publish","type":"post","link":"https:\/\/cofecon.org.br\/cofecon\/?p=5665","title":{"rendered":"Plen\u00e1ria do Cofecon discutiu a quest\u00e3o dos juros no Brasil"},"content":{"rendered":"<p align=\"justify\"><a href=\"http:\/\/cofecon.org.br\/cofecon\/wp-content\/uploads\/2018\/07\/plenaria.jpg\"><img loading=\"lazy\" decoding=\"async\" class=\"size-full wp-image-5666 alignright\" src=\"http:\/\/cofecon.org.br\/cofecon\/wp-content\/uploads\/2018\/07\/plenaria.jpg\" alt=\"\" width=\"351\" height=\"251\" srcset=\"https:\/\/cofecon.org.br\/cofecon\/wp-content\/uploads\/2018\/07\/plenaria.jpg 351w, https:\/\/cofecon.org.br\/cofecon\/wp-content\/uploads\/2018\/07\/plenaria-300x215.jpg 300w\" sizes=\"(max-width: 351px) 100vw, 351px\" \/><\/a>O Conselho Federal de Economia realizou, nos dias 27 e 28 de julho, sua 685\u00aa Sess\u00e3o Plen\u00e1ria Ordin\u00e1ria. Os conselheiros federais estiveram reunidos na sede da autarquia, em Bras\u00edlia, para deliberar sobre assuntos de interesse da categoria. A reuni\u00e3o foi iniciada com um debate de conjuntura econ\u00f4mica sobre \u201cJuros \u2013 condi\u00e7\u00f5es efetivas para reduzi-los no Brasil\u201d, que teve como participantes os economistas D\u00e9rcio Garcia Munhoz e Andr\u00e9 Perfeito.<\/p>\n<p align=\"justify\">Durante a Plen\u00e1ria, os conselheiros elaboraram e aprovaram uma nota t\u00e9cnica sobre o assunto que foi tratado no debate de conjuntura. <a href=\"http:\/\/www.cofecon.org.br\/2018\/07\/28\/nota-do-cofecon-taxa-basica-de-juros-condicoes-para-mante-la-em-niveis-adequados\/\"><strong>Clique AQUI para acessar o documento<\/strong><\/a>.<\/p>\n<p align=\"justify\">Entre os assuntos que foram tratados na reuni\u00e3o est\u00e3o as Elei\u00e7\u00f5es 2018. Neste ano, todos os Conselhos Regionais de Economia realizar\u00e3o as vota\u00e7\u00f5es pela internet, por meio do site <a href=\"http:\/\/www.votaeconomista.org.br\/\">www.votaeconomista.org.br<\/a>. O pleito eleger\u00e1 um ter\u00e7o dos conselheiros efetivos e suplentes dos Conselhos Regionais de Economia, al\u00e9m de delegados eleitores efetivo e suplente para as elei\u00e7\u00f5es do Cofecon. Os economistas devem votar das 8h do dia 30 de outubro \u00e0s 20h do dia 31 de outubro.<\/p>\n<p align=\"justify\">Tamb\u00e9m foram tratadas, na Plen\u00e1ria, quest\u00f5es referentes ao XXVI Simp\u00f3sio Nacional dos Conselhos de Economia (SINCE), a ser realizado de 19 a 21 de setembro na cidade de Porto Velho (RO). Na ocasi\u00e3o, os conselheiros apresentaram e votaram as propostas encaminhadas pelos Corecons para serem discutidas durante o evento, assim como deliberaram sobre a escolha da sede do pr\u00f3ximo Since.<\/p>\n<p align=\"justify\">A Plen\u00e1ria realizou vota\u00e7\u00e3o para indicar, aos Corecons, nomes para serem agraciados com os Pr\u00eamios Destaque Econ\u00f4mico do Ano 2018 e Personalidade Econ\u00f4mica do Ano 2018; analisou a proposta da campanha para o Dia do Economista 2018; e deliberou sobre o Grupo de Trabalho Per\u00edcia Econ\u00f4mico-Financeira e Media\u00e7\u00e3o e Arbitragem, entre outros assuntos.<\/p>\n<p align=\"justify\">Ao todo, foram apreciados 18 processos de fiscaliza\u00e7\u00e3o e registro profissional; seis processos da Comiss\u00e3o de Educa\u00e7\u00e3o referentes a aux\u00edlio financeiro; e um processo da Comiss\u00e3o de Planejamento Estrat\u00e9gico, Moderniza\u00e7\u00e3o e Qualidade de Gest\u00e3o sobre aux\u00edlio financeiro.<\/p>\n","protected":false},"excerpt":{"rendered":"<p>O Conselho Federal de Economia realizou, nos dias 27 e 28 de julho, sua 685\u00aa Sess\u00e3o Plen\u00e1ria Ordin\u00e1ria. Os conselheiros federais estiveram reunidos na sede da autarquia, em Bras\u00edlia, para deliberar sobre assuntos de interesse da categoria. A reuni\u00e3o foi<\/p>\n<p><a class=\"more-link\" href=\"https:\/\/cofecon.org.br\/cofecon\/?p=5665\">Leia Mais<\/a><\/p>\n","protected":false},"author":1,"featured_media":5666,"comment_status":"open","ping_status":"open","sticky":false,"template":"","format":"standard","meta":{"footnotes":""},"categories":[2],"tags":[],"class_list":["post-5665","post","type-post","status-publish","format-standard","has-post-thumbnail","hentry","category-noticias"],"_links":{"self":[{"href":"https:\/\/cofecon.org.br\/cofecon\/index.php?rest_route=\/wp\/v2\/posts\/5665"}],"collection":[{"href":"https:\/\/cofecon.org.br\/cofecon\/index.php?rest_route=\/wp\/v2\/posts"}],"about":[{"href":"https:\/\/cofecon.org.br\/cofecon\/index.php?rest_route=\/wp\/v2\/types\/post"}],"author":[{"embeddable":true,"href":"https:\/\/cofecon.org.br\/cofecon\/index.php?rest_route=\/wp\/v2\/users\/1"}],"replies":[{"embeddable":true,"href":"https:\/\/cofecon.org.br\/cofecon\/index.php?rest_route=%2Fwp%2Fv2%2Fcomments&post=5665"}],"version-history":[{"count":0,"href":"https:\/\/cofecon.org.br\/cofecon\/index.php?rest_route=\/wp\/v2\/posts\/5665\/revisions"}],"wp:featuredmedia":[{"embeddable":true,"href":"https:\/\/cofecon.org.br\/cofecon\/index.php?rest_route=\/wp\/v2\/media\/5666"}],"wp:attachment":[{"href":"https:\/\/cofecon.org.br\/cofecon\/index.php?rest_route=%2Fwp%2Fv2%2Fmedia&parent=5665"}],"wp:term":[{"taxonomy":"category","embeddable":true,"href":"https:\/\/cofecon.org.br\/cofecon\/index.php?rest_route=%2Fwp%2Fv2%2Fcategories&post=5665"},{"taxonomy":"post_tag","embeddable":true,"href":"https:\/\/cofecon.org.br\/cofecon\/index.php?rest_route=%2Fwp%2Fv2%2Ftags&post=5665"}],"curies":[{"name":"wp","href":"https:\/\/api.w.org\/{rel}","templated":true}]}}