{"id":5624,"date":"2018-07-26T17:35:04","date_gmt":"2018-07-26T20:35:04","guid":{"rendered":"http:\/\/www.cofecon.org.br\/?p=5624"},"modified":"2018-07-26T17:35:04","modified_gmt":"2018-07-26T20:35:04","slug":"dercio-munhoz-e-andre-perfeito-participarao-de-debate-na-plenaria-do-cofecon","status":"publish","type":"post","link":"https:\/\/cofecon.org.br\/cofecon\/?p=5624","title":{"rendered":"D\u00e9rcio Munhoz e Andr\u00e9 Perfeito participar\u00e3o de debate na Plen\u00e1ria do Cofecon"},"content":{"rendered":"<p align=\"justify\"><a href=\"http:\/\/cofecon.org.br\/cofecon\/wp-content\/uploads\/2018\/07\/dercio-andre-perfeito.png\"><img loading=\"lazy\" decoding=\"async\" class=\"size-full wp-image-5625 alignleft\" src=\"http:\/\/cofecon.org.br\/cofecon\/wp-content\/uploads\/2018\/07\/dercio-andre-perfeito.png\" alt=\"\" width=\"350\" height=\"252\" srcset=\"https:\/\/cofecon.org.br\/cofecon\/wp-content\/uploads\/2018\/07\/dercio-andre-perfeito.png 350w, https:\/\/cofecon.org.br\/cofecon\/wp-content\/uploads\/2018\/07\/dercio-andre-perfeito-300x216.png 300w\" sizes=\"(max-width: 350px) 100vw, 350px\" \/><\/a>Os economistas D\u00e9rcio Garcia Munhoz, ex-presidente do Conselho Federal de Economia, e Andr\u00e9 Perfeito, economista-chefe da corretora Spinelli, participar\u00e3o do debate de conjuntura que marca o in\u00edcio da 685\u00aa Sess\u00e3o Plen\u00e1ria Ordin\u00e1ria do Cofecon, a ser realizada nos dias 27 e 28 de julho, em Bras\u00edlia. O tema a ser discutido \u00e9: \u201cJuros \u2013 Condi\u00e7\u00f5es efetivas para reduzi-los no Brasil\u201d. Com in\u00edcio \u00e0s 9h, o debate ter\u00e1 transmiss\u00e3o ao vivo pela p\u00e1gina do Cofecon no Facebook &#8211; @CofeconEconomia.<\/p>\n<p align=\"justify\"><b>D\u00e9rcio Munhoz<\/b><\/p>\n<p align=\"justify\">O economista formou-se em Economia pela Universidade de Bras\u00edlia (UnB) e foi docente na institui\u00e7\u00e3o por 28 anos; al\u00e9m de ser mestre pela Universidade de S\u00e3o Paulo e professor colaborador de diversos cursos de p\u00f3s-gradua\u00e7\u00e3o em Economia em importantes universidades do Pa\u00eds, como a Universidade Federal do Rio de Janeiro. Possui o t\u00edtulo Not\u00f3rio Saber, pelo Conselho Federal de Educa\u00e7\u00e3o. Autor de diversos livros, tais como \u201cDemografia no Distrito Federal\u201d, \u201cA renda e a demanda de produtos aliment\u00edcios no Distrito Federal\u201d, \u201cEconomia agr\u00edcola: uma defesa dos subs\u00eddios\u201d, \u201cD\u00edvida externa: a crise rediscutida\u201d e \u201cEntre Crises: 40 Anos da Economia do Brasil\u201d, foi presidente dos Conselhos Federal de Economia e Superior da Previd\u00eancia Social. Possui mais de 200 trabalhos publicados, entre livros, artigos especializados e textos acad\u00eamicos em economia.<\/p>\n<p align=\"justify\"><b>Andr\u00e9 Perfeito<\/b><\/p>\n<p align=\"justify\">Andr\u00e9 Perfeito \u00e9 economista e mestre em Economia Pol\u00edtica pela PUC\/SP. Lecionou no departamento de economia da PUC\/SP ao longo de 2010 como professor convidado e \u00e9 membro do DEPE (Grupo de Pesquisa em Desenvolvimento e Pol\u00edtica Econ\u00f4mica do Programa de Estudos P\u00f3s-graduados em Economia Pol\u00edtica da PUC\/SP). Com especializa\u00e7\u00e3o em econometria pela FIPE faz proje\u00e7\u00f5es para os principais agregados econ\u00f4micos tendo conquistado pr\u00eamios pela sua assertividade (TOP 5 Banco Central do Brasil, Proje\u00e7\u00f5es Ag\u00eancia Estado e Terminal Bloomberg). Atualmente \u00e9 economista-chefe da corretora Spinelli.<\/p>\n","protected":false},"excerpt":{"rendered":"<p>Os economistas D\u00e9rcio Garcia Munhoz, ex-presidente do Conselho Federal de Economia, e Andr\u00e9 Perfeito, economista-chefe da corretora Spinelli, participar\u00e3o do debate de conjuntura que marca o in\u00edcio da 685\u00aa Sess\u00e3o Plen\u00e1ria Ordin\u00e1ria do Cofecon, a ser realizada nos dias 27<\/p>\n<p><a class=\"more-link\" href=\"https:\/\/cofecon.org.br\/cofecon\/?p=5624\">Leia Mais<\/a><\/p>\n","protected":false},"author":1,"featured_media":5625,"comment_status":"open","ping_status":"open","sticky":false,"template":"","format":"standard","meta":{"footnotes":""},"categories":[2],"tags":[],"class_list":["post-5624","post","type-post","status-publish","format-standard","has-post-thumbnail","hentry","category-noticias"],"_links":{"self":[{"href":"https:\/\/cofecon.org.br\/cofecon\/index.php?rest_route=\/wp\/v2\/posts\/5624"}],"collection":[{"href":"https:\/\/cofecon.org.br\/cofecon\/index.php?rest_route=\/wp\/v2\/posts"}],"about":[{"href":"https:\/\/cofecon.org.br\/cofecon\/index.php?rest_route=\/wp\/v2\/types\/post"}],"author":[{"embeddable":true,"href":"https:\/\/cofecon.org.br\/cofecon\/index.php?rest_route=\/wp\/v2\/users\/1"}],"replies":[{"embeddable":true,"href":"https:\/\/cofecon.org.br\/cofecon\/index.php?rest_route=%2Fwp%2Fv2%2Fcomments&post=5624"}],"version-history":[{"count":0,"href":"https:\/\/cofecon.org.br\/cofecon\/index.php?rest_route=\/wp\/v2\/posts\/5624\/revisions"}],"wp:featuredmedia":[{"embeddable":true,"href":"https:\/\/cofecon.org.br\/cofecon\/index.php?rest_route=\/wp\/v2\/media\/5625"}],"wp:attachment":[{"href":"https:\/\/cofecon.org.br\/cofecon\/index.php?rest_route=%2Fwp%2Fv2%2Fmedia&parent=5624"}],"wp:term":[{"taxonomy":"category","embeddable":true,"href":"https:\/\/cofecon.org.br\/cofecon\/index.php?rest_route=%2Fwp%2Fv2%2Fcategories&post=5624"},{"taxonomy":"post_tag","embeddable":true,"href":"https:\/\/cofecon.org.br\/cofecon\/index.php?rest_route=%2Fwp%2Fv2%2Ftags&post=5624"}],"curies":[{"name":"wp","href":"https:\/\/api.w.org\/{rel}","templated":true}]}}