{"id":5184,"date":"2018-05-30T17:32:19","date_gmt":"2018-05-30T20:32:19","guid":{"rendered":"http:\/\/www.cofecon.org.br\/?p=5184"},"modified":"2018-05-30T17:32:19","modified_gmt":"2018-05-30T20:32:19","slug":"corecon-df-conquista-retificacao-de-edital-no-processo-seletivo-para-o-sebrae-nacional-no-02-2018","status":"publish","type":"post","link":"https:\/\/cofecon.org.br\/cofecon\/?p=5184","title":{"rendered":"Corecon-DF conquista retifica\u00e7\u00e3o de edital no processo seletivo para o Sebrae Nacional n\u00ba 02\/2018"},"content":{"rendered":"<p align=\"justify\">O Conselho Regional de Economia do Distrito Federal (Corecon-DF) apresentou, por meio de Of\u00edcio Fiscaliza\u00e7\u00e3o n\u00ba 023\/2018, solicita\u00e7\u00e3o de impugna\u00e7\u00e3o ao\u00a0<a href=\"http:\/\/www.tangram.net.br\/Egaion\/CliDocs\/egaion\/Comunicado%2001_Processo%20Seletivo%20SEBRAE%20NA%2002-2018%20publicado.pdf\">Comunicado n\u00ba 01 \u2013 SEBRAE<\/a>, de 23 de maio de 2018, solicitando sua altera\u00e7\u00e3o.<\/p>\n<p>Ap\u00f3s an\u00e1lise do Processo Seletivo destinado a recrutar e selecionar profissionais para o provimento de vaga existente e forma\u00e7\u00e3o de cadastro de reserva para\u00a0<strong>Analista T\u00e9cnico II<\/strong>, o Corecon-DF, por meio do Departamento de Fiscaliza\u00e7\u00e3o, entende que poderiam ser feitas algumas altera\u00e7\u00f5es neste Comunicado.<\/p>\n<p style=\"text-align: justify;\">Verificou-se que para o cargo de Analista T\u00e9cnico II \u2013 \u00a0C\u00f3d. AN 03 \u00e9 exigido forma\u00e7\u00e3o universit\u00e1ria completa (gradua\u00e7\u00e3o) em Ci\u00eancias Cont\u00e1beis ou Administra\u00e7\u00e3o de Empresas ou Direito, com diploma reconhecido pelo Minist\u00e9rio da Educa\u00e7\u00e3o. Dessa forma, entende-se que n\u00e3o houve relev\u00e2ncia do Economista como profiss\u00e3o regulamentada, haja vista n\u00e3o ter sido inclu\u00eddo no rol das profiss\u00f5es que s\u00e3o exigidos para o cumprimento das atividades deste cargo.<\/p>\n<p style=\"text-align: justify;\">Por essa raz\u00e3o, foi solicitado, com \u00eaxito, aten\u00e7\u00e3o \u00e0s atribui\u00e7\u00f5es do Economista que coincidem com as atribui\u00e7\u00f5es das profiss\u00f5es exigidas para atuar no cargo mencionado.<\/p>\n<p style=\"text-align: justify;\">O SEBRAE Nacional, assessorado pela FAPETEC \u2013 Funda\u00e7\u00e3o de Apoio \u00e0 Pesquisa, Ensino, Tecnologia e Cultura, tornou p\u00fablica, na data de 30 de maio de 2018, a complementa\u00e7\u00e3o de escolaridade em Ci\u00eancias Econ\u00f4micas para a vaga AN 03, referente ao Processo Seletivo n\u00ba 02\/2018 (dispon\u00edvel\u00a0<strong><a href=\"http:\/\/corecondf.org.br\/wp-content\/uploads\/2018\/05\/Comunicado-02_Informa%C3%A7%C3%A3o-Complementar-de-Escolaridade-30_05_18.pdf\">AQUI<\/a><\/strong>). O Corecon-DF comemora mais uma vit\u00f3ria para os economistas.<\/p>\n<p style=\"text-align: justify;\">Acesse\u00a0<strong><a href=\"http:\/\/www.comunicadointerno.com.br\/fapetec_selecao.html\">AQUI<\/a><\/strong>\u00a0para mais informa\u00e7\u00f5es sobre o Processo Seletivo.<\/p>\n","protected":false},"excerpt":{"rendered":"<p>O Conselho Regional de Economia do Distrito Federal (Corecon-DF) apresentou, por meio de Of\u00edcio Fiscaliza\u00e7\u00e3o n\u00ba 023\/2018, solicita\u00e7\u00e3o de impugna\u00e7\u00e3o ao\u00a0Comunicado n\u00ba 01 \u2013 SEBRAE, de 23 de maio de 2018, solicitando sua altera\u00e7\u00e3o. Ap\u00f3s an\u00e1lise do Processo Seletivo destinado<\/p>\n<p><a class=\"more-link\" href=\"https:\/\/cofecon.org.br\/cofecon\/?p=5184\">Leia Mais<\/a><\/p>\n","protected":false},"author":1,"featured_media":5185,"comment_status":"open","ping_status":"open","sticky":false,"template":"","format":"standard","meta":{"footnotes":""},"categories":[2],"tags":[],"class_list":["post-5184","post","type-post","status-publish","format-standard","has-post-thumbnail","hentry","category-noticias"],"_links":{"self":[{"href":"https:\/\/cofecon.org.br\/cofecon\/index.php?rest_route=\/wp\/v2\/posts\/5184"}],"collection":[{"href":"https:\/\/cofecon.org.br\/cofecon\/index.php?rest_route=\/wp\/v2\/posts"}],"about":[{"href":"https:\/\/cofecon.org.br\/cofecon\/index.php?rest_route=\/wp\/v2\/types\/post"}],"author":[{"embeddable":true,"href":"https:\/\/cofecon.org.br\/cofecon\/index.php?rest_route=\/wp\/v2\/users\/1"}],"replies":[{"embeddable":true,"href":"https:\/\/cofecon.org.br\/cofecon\/index.php?rest_route=%2Fwp%2Fv2%2Fcomments&post=5184"}],"version-history":[{"count":0,"href":"https:\/\/cofecon.org.br\/cofecon\/index.php?rest_route=\/wp\/v2\/posts\/5184\/revisions"}],"wp:featuredmedia":[{"embeddable":true,"href":"https:\/\/cofecon.org.br\/cofecon\/index.php?rest_route=\/wp\/v2\/media\/5185"}],"wp:attachment":[{"href":"https:\/\/cofecon.org.br\/cofecon\/index.php?rest_route=%2Fwp%2Fv2%2Fmedia&parent=5184"}],"wp:term":[{"taxonomy":"category","embeddable":true,"href":"https:\/\/cofecon.org.br\/cofecon\/index.php?rest_route=%2Fwp%2Fv2%2Fcategories&post=5184"},{"taxonomy":"post_tag","embeddable":true,"href":"https:\/\/cofecon.org.br\/cofecon\/index.php?rest_route=%2Fwp%2Fv2%2Ftags&post=5184"}],"curies":[{"name":"wp","href":"https:\/\/api.w.org\/{rel}","templated":true}]}}