{"id":5180,"date":"2018-05-30T16:56:32","date_gmt":"2018-05-30T19:56:32","guid":{"rendered":"http:\/\/www.cofecon.org.br\/?p=5180"},"modified":"2018-05-30T16:56:32","modified_gmt":"2018-05-30T19:56:32","slug":"vice-presidente-do-cofecon-reuniu-se-com-economistas-em-mg-para-definir-gt-mulher-economista","status":"publish","type":"post","link":"https:\/\/cofecon.org.br\/cofecon\/?p=5180","title":{"rendered":"Vice-presidente do Cofecon reuniu-se com economistas em MG para definir GT Mulher Economista"},"content":{"rendered":"<p align=\"justify\"><span style=\"font-family: Verdana, sans-serif;\"><a href=\"http:\/\/www.cofecon.org.br\/2018\/05\/30\/vice-presidente-do-cofecon-reuniu-se-com-economistas-em-mg-para-definir-gt-mulher-economista\/bianca_mg-3\/\" rel=\"attachment wp-att-5181\"><img loading=\"lazy\" decoding=\"async\" class=\"size-medium wp-image-5181 alignleft\" src=\"http:\/\/www.cofecon.org.br\/wp-content\/uploads\/2018\/05\/bianca_mg-3-300x214.jpg\" alt=\"\" width=\"300\" height=\"214\" srcset=\"https:\/\/cofecon.org.br\/cofecon\/wp-content\/uploads\/2018\/05\/bianca_mg-3-300x214.jpg 300w, https:\/\/cofecon.org.br\/cofecon\/wp-content\/uploads\/2018\/05\/bianca_mg-3.jpg 351w\" sizes=\"(max-width: 300px) 100vw, 300px\" \/><\/a>A vice-presidente do Conselho Federal de Economia, Bianca Lopes de Andrade Rodrigues, participou de reuni\u00e3o no Conselho Regional de Economia de Minas Gerais (Corecon-MG) no dia 28 de maio, para definir estrat\u00e9gias referentes \u00e0 cria\u00e7\u00e3o do Grupo de Trabalho Mulher Economista no estado. Estiveram presentes o presidente do Corecon-MG, Paulo Roberto Paix\u00e3o Bretas; o gerente-executivo do Corecon-MG, Marco Aur\u00e9lio Loureiro.<\/span><\/p>\n<p align=\"justify\"><span style=\"font-family: Verdana, sans-serif;\">Mulheres economistas do estado, entre elas T\u00e2nia Teixeira, levaram v\u00e1rias propostas, entre elas uma resolu\u00e7\u00e3o para a cria\u00e7\u00e3o do GT como uma inst\u00e2ncia dentro do Corecon. \u201cTamb\u00e9m est\u00e3o previstos encontros mensais para as profissionais debaterem temas voltados a nossa atua\u00e7\u00e3o no mercado de trabalho. Outra a\u00e7\u00e3o muito interessante \u00e9 a promo\u00e7\u00e3o de debates com mulheres economistas que ir\u00e3o se candidatar a cargos p\u00fablicos nas elei\u00e7\u00f5es deste ano, com o objetivo de conhecer propostas e entender de que forma pretendem representar e defender temas que afetam as mulheres, caso sejam eleitas\u201d, destacou a vice-presidente do Cofecon.<\/span><\/p>\n","protected":false},"excerpt":{"rendered":"<p>A vice-presidente do Conselho Federal de Economia, Bianca Lopes de Andrade Rodrigues, participou de reuni\u00e3o no Conselho Regional de Economia de Minas Gerais (Corecon-MG) no dia 28 de maio, para definir estrat\u00e9gias referentes \u00e0 cria\u00e7\u00e3o do Grupo de Trabalho Mulher<\/p>\n<p><a class=\"more-link\" href=\"https:\/\/cofecon.org.br\/cofecon\/?p=5180\">Leia Mais<\/a><\/p>\n","protected":false},"author":1,"featured_media":5181,"comment_status":"open","ping_status":"open","sticky":false,"template":"","format":"standard","meta":{"footnotes":""},"categories":[2],"tags":[],"class_list":["post-5180","post","type-post","status-publish","format-standard","has-post-thumbnail","hentry","category-noticias"],"_links":{"self":[{"href":"https:\/\/cofecon.org.br\/cofecon\/index.php?rest_route=\/wp\/v2\/posts\/5180"}],"collection":[{"href":"https:\/\/cofecon.org.br\/cofecon\/index.php?rest_route=\/wp\/v2\/posts"}],"about":[{"href":"https:\/\/cofecon.org.br\/cofecon\/index.php?rest_route=\/wp\/v2\/types\/post"}],"author":[{"embeddable":true,"href":"https:\/\/cofecon.org.br\/cofecon\/index.php?rest_route=\/wp\/v2\/users\/1"}],"replies":[{"embeddable":true,"href":"https:\/\/cofecon.org.br\/cofecon\/index.php?rest_route=%2Fwp%2Fv2%2Fcomments&post=5180"}],"version-history":[{"count":0,"href":"https:\/\/cofecon.org.br\/cofecon\/index.php?rest_route=\/wp\/v2\/posts\/5180\/revisions"}],"wp:featuredmedia":[{"embeddable":true,"href":"https:\/\/cofecon.org.br\/cofecon\/index.php?rest_route=\/wp\/v2\/media\/5181"}],"wp:attachment":[{"href":"https:\/\/cofecon.org.br\/cofecon\/index.php?rest_route=%2Fwp%2Fv2%2Fmedia&parent=5180"}],"wp:term":[{"taxonomy":"category","embeddable":true,"href":"https:\/\/cofecon.org.br\/cofecon\/index.php?rest_route=%2Fwp%2Fv2%2Fcategories&post=5180"},{"taxonomy":"post_tag","embeddable":true,"href":"https:\/\/cofecon.org.br\/cofecon\/index.php?rest_route=%2Fwp%2Fv2%2Ftags&post=5180"}],"curies":[{"name":"wp","href":"https:\/\/api.w.org\/{rel}","templated":true}]}}