{"id":5171,"date":"2018-05-30T11:10:47","date_gmt":"2018-05-30T14:10:47","guid":{"rendered":"http:\/\/www.cofecon.org.br\/?p=5171"},"modified":"2018-05-30T11:10:47","modified_gmt":"2018-05-30T14:10:47","slug":"artigo-economia-brasileira-estrutura-e-transicao","status":"publish","type":"post","link":"https:\/\/cofecon.org.br\/cofecon\/?p=5171","title":{"rendered":"Artigo &#8211; Economia brasileira: estrutura e transi\u00e7\u00e3o"},"content":{"rendered":"<p style=\"text-align: justify;\">At\u00e9 o final desta segunda d\u00e9cada do s\u00e9culo \u00e9 um importante momento n\u00e3o s\u00f3 para refletir a experi\u00eancia do passado como tamb\u00e9m para agir com efic\u00e1cia para transformar as potencialidades do Pa\u00eds em riqueza nacional.<\/p>\n<p style=\"text-align: justify;\">\nComo riqueza entendemos n\u00e3o s\u00f3 o dinheiro no cofre, mas tamb\u00e9m a condi\u00e7\u00e3o de vida e a reserva potencial \u00e0s gera\u00e7\u00f5es futuras.<\/p>\n<p style=\"text-align: justify;\">\nNa transi\u00e7\u00e3o da 1\u00aa para a 2\u00aa d\u00e9cada ocorreram fatos importantes que exigem muita reflex\u00e3o. O lado positivo \u00e9 que o Pa\u00eds superou\/contornou a crise do final da 1\u00aa d\u00e9cada, quando o mundo imp\u00f4s \u00e0 grande parte dos pa\u00edses a\u00e7\u00f5es governamentais e econ\u00f4micas de redirecionamentos.<\/p>\n<p style=\"text-align: justify;\">\nNo caso brasileiro, os longos e repetidos erros levaram o Pa\u00eds a uma situa\u00e7\u00e3o que exigiu a\u00e7\u00f5es imediatas e eficazes, ainda que n\u00e3o confort\u00e1veis.<\/p>\n<p style=\"text-align: justify;\">\nDentre muitos temas, como a\u00e7\u00f5es p\u00fablicas\/governamentais inadequadas, a corrup\u00e7\u00e3o \u00e9 o tema central que poder\u00e1 proporcionar economias gigantescas em benef\u00edcio das contas p\u00fablicas e, consequentemente, a redu\u00e7\u00e3o da carga tribut\u00e1ria, beneficiando as empresas e as pessoas.<\/p>\n<p style=\"text-align: justify;\">\nOutro tema importante \u00e9 que o Governo seja composto por institui\u00e7\u00f5es, organiza\u00e7\u00f5es e pessoas corretas e competentes, direcionando o Pa\u00eds para o \u201cDesenvolvimento\u201d, bem conceituado por Walter W. Rostow: \u201cDesenvolvimento \u00e9 um processo in\u00e9dito e irrevers\u00edvel de mudan\u00e7a social, atrav\u00e9s do qual se instaura numa regi\u00e3o um mecanismo end\u00f3geno de crescimento econ\u00f4mico cumulativo e diferenciado\u201d.<\/p>\n<p style=\"text-align: justify;\">\nA constru\u00e7\u00e3o de \u201c Comunidades C\u00edvicas\u201d respons\u00e1veis \u00e9 fundamental para reduzir as imperfei\u00e7\u00f5es e excluir a corrup\u00e7\u00e3o.<\/p>\n<p style=\"text-align: justify;\">\nTodos sabemos que essa constru\u00e7\u00e3o n\u00e3o \u00e9 tarefa f\u00e1cil. Mas \u00e9 poss\u00edvel. Precisamos acreditar e participar das a\u00e7\u00f5es construtivas.<\/p>\n<p style=\"text-align: justify;\">\nO Brasil \u00e9 um Pa\u00eds com riquezas potenciais que poder\u00e3o beneficiar n\u00e3o s\u00f3 as gera\u00e7\u00f5es atuais como as gera\u00e7\u00f5es futuras, desde que seja adequadamente dirigido.<\/p>\n<p style=\"text-align: justify;\">\nPara isto, n\u00e3o basta s\u00f3 a a\u00e7\u00e3o dos governantes mas, tamb\u00e9m, a participa\u00e7\u00e3o ativa da sociedade.<br \/>\nAcreditemos na viabilidade do sucesso para o que cada brasileiro tem o compromisso de contribuir.<\/p>\n<p><strong>Humberto Dalsasso &#8211;\u00a0Economista, Consultor Empresarial de Alta Gest\u00e3o<\/strong><\/p>\n","protected":false},"excerpt":{"rendered":"<p>At\u00e9 o final desta segunda d\u00e9cada do s\u00e9culo \u00e9 um importante momento n\u00e3o s\u00f3 para refletir a experi\u00eancia do passado como tamb\u00e9m para agir com efic\u00e1cia para transformar as potencialidades do Pa\u00eds em riqueza nacional. Como riqueza entendemos n\u00e3o s\u00f3<\/p>\n<p><a class=\"more-link\" href=\"https:\/\/cofecon.org.br\/cofecon\/?p=5171\">Leia Mais<\/a><\/p>\n","protected":false},"author":1,"featured_media":5172,"comment_status":"open","ping_status":"open","sticky":false,"template":"","format":"standard","meta":{"footnotes":""},"categories":[6],"tags":[],"class_list":["post-5171","post","type-post","status-publish","format-standard","has-post-thumbnail","hentry","category-artigo"],"_links":{"self":[{"href":"https:\/\/cofecon.org.br\/cofecon\/index.php?rest_route=\/wp\/v2\/posts\/5171"}],"collection":[{"href":"https:\/\/cofecon.org.br\/cofecon\/index.php?rest_route=\/wp\/v2\/posts"}],"about":[{"href":"https:\/\/cofecon.org.br\/cofecon\/index.php?rest_route=\/wp\/v2\/types\/post"}],"author":[{"embeddable":true,"href":"https:\/\/cofecon.org.br\/cofecon\/index.php?rest_route=\/wp\/v2\/users\/1"}],"replies":[{"embeddable":true,"href":"https:\/\/cofecon.org.br\/cofecon\/index.php?rest_route=%2Fwp%2Fv2%2Fcomments&post=5171"}],"version-history":[{"count":0,"href":"https:\/\/cofecon.org.br\/cofecon\/index.php?rest_route=\/wp\/v2\/posts\/5171\/revisions"}],"wp:featuredmedia":[{"embeddable":true,"href":"https:\/\/cofecon.org.br\/cofecon\/index.php?rest_route=\/wp\/v2\/media\/5172"}],"wp:attachment":[{"href":"https:\/\/cofecon.org.br\/cofecon\/index.php?rest_route=%2Fwp%2Fv2%2Fmedia&parent=5171"}],"wp:term":[{"taxonomy":"category","embeddable":true,"href":"https:\/\/cofecon.org.br\/cofecon\/index.php?rest_route=%2Fwp%2Fv2%2Fcategories&post=5171"},{"taxonomy":"post_tag","embeddable":true,"href":"https:\/\/cofecon.org.br\/cofecon\/index.php?rest_route=%2Fwp%2Fv2%2Ftags&post=5171"}],"curies":[{"name":"wp","href":"https:\/\/api.w.org\/{rel}","templated":true}]}}