{"id":5162,"date":"2018-05-28T17:03:49","date_gmt":"2018-05-28T20:03:49","guid":{"rendered":"http:\/\/www.cofecon.org.br\/?p=5162"},"modified":"2018-05-28T17:03:49","modified_gmt":"2018-05-28T20:03:49","slug":"conrecon-am-promove-concurso-de-redacao-para-estudantes-de-ensino-medio","status":"publish","type":"post","link":"https:\/\/cofecon.org.br\/cofecon\/?p=5162","title":{"rendered":"Conrecon-AM promove Concurso de Reda\u00e7\u00e3o para estudantes de ensino m\u00e9dio"},"content":{"rendered":"<p style=\"text-align: justify;\">O Conselho Regional de Economia do Amazonas (Corecon-AM) abriu inscri\u00e7\u00f5es para o Concurso de Reda\u00e7\u00e3o 2018, que tem como tema central \u201cA import\u00e2ncia do Economista\u201d. A iniciativa destina-se a estudantes de ensino m\u00e9dio e tem\u00a0o objetivo de\u00a0objetivo de incentivar os jovens estudantes \u00e0 elabora\u00e7\u00e3o de pesquisas e trabalhos voltados \u00e0 ci\u00eancia econ\u00f4mica. As inscri\u00e7\u00f5es seguem abertas at\u00e9 o dia 30\/05\/2018.<\/p>\n<p style=\"text-align: justify;\">Os trabalhos inscritos dever\u00e3o ser encaminhados ao Corecon-AM, localizado na Rua Leonardo Malcher, 678, presencialmente ou via Correios, identificando no envelope \u201cConcurso de Reda\u00e7\u00e3o 2018\u201d, anexando uma declara\u00e7\u00e3o de idoneidade do trabalho, ficha de inscri\u00e7\u00e3o e um comprovante de matricula ou de cursando o ensino m\u00e9dio.<\/p>\n<p style=\"text-align: justify;\">Leia as informa\u00e7\u00f5es completas e baixe os formul\u00e1rios e o modelo de reda\u00e7\u00e3o:\u00a0<a href=\"http:\/\/www.corecon-am.org.br\/site\/noticia\/1429\/\">http:\/\/www.corecon-am.org.br\/site\/noticia\/1429\/<\/a>.<\/p>\n<p><img loading=\"lazy\" decoding=\"async\" class=\"wp-image-5163 size-large aligncenter\" src=\"http:\/\/www.cofecon.org.br\/wp-content\/uploads\/2018\/05\/33216320_785802108288609_4749935294789189632_o-1024x538.jpg\" alt=\"\" width=\"1024\" height=\"538\" srcset=\"https:\/\/cofecon.org.br\/cofecon\/wp-content\/uploads\/2018\/05\/33216320_785802108288609_4749935294789189632_o-1024x538.jpg 1024w, https:\/\/cofecon.org.br\/cofecon\/wp-content\/uploads\/2018\/05\/33216320_785802108288609_4749935294789189632_o-300x158.jpg 300w, https:\/\/cofecon.org.br\/cofecon\/wp-content\/uploads\/2018\/05\/33216320_785802108288609_4749935294789189632_o-768x403.jpg 768w, https:\/\/cofecon.org.br\/cofecon\/wp-content\/uploads\/2018\/05\/33216320_785802108288609_4749935294789189632_o-800x420.jpg 800w, https:\/\/cofecon.org.br\/cofecon\/wp-content\/uploads\/2018\/05\/33216320_785802108288609_4749935294789189632_o.jpg 1200w\" sizes=\"(max-width: 1024px) 100vw, 1024px\" \/><\/p>\n","protected":false},"excerpt":{"rendered":"<p>O Conselho Regional de Economia do Amazonas (Corecon-AM) abriu inscri\u00e7\u00f5es para o Concurso de Reda\u00e7\u00e3o 2018, que tem como tema central \u201cA import\u00e2ncia do Economista\u201d. A iniciativa destina-se a estudantes de ensino m\u00e9dio e tem\u00a0o objetivo de\u00a0objetivo de incentivar os<\/p>\n<p><a class=\"more-link\" href=\"https:\/\/cofecon.org.br\/cofecon\/?p=5162\">Leia Mais<\/a><\/p>\n","protected":false},"author":1,"featured_media":5164,"comment_status":"open","ping_status":"open","sticky":false,"template":"","format":"standard","meta":{"footnotes":""},"categories":[2],"tags":[],"class_list":["post-5162","post","type-post","status-publish","format-standard","has-post-thumbnail","hentry","category-noticias"],"_links":{"self":[{"href":"https:\/\/cofecon.org.br\/cofecon\/index.php?rest_route=\/wp\/v2\/posts\/5162"}],"collection":[{"href":"https:\/\/cofecon.org.br\/cofecon\/index.php?rest_route=\/wp\/v2\/posts"}],"about":[{"href":"https:\/\/cofecon.org.br\/cofecon\/index.php?rest_route=\/wp\/v2\/types\/post"}],"author":[{"embeddable":true,"href":"https:\/\/cofecon.org.br\/cofecon\/index.php?rest_route=\/wp\/v2\/users\/1"}],"replies":[{"embeddable":true,"href":"https:\/\/cofecon.org.br\/cofecon\/index.php?rest_route=%2Fwp%2Fv2%2Fcomments&post=5162"}],"version-history":[{"count":0,"href":"https:\/\/cofecon.org.br\/cofecon\/index.php?rest_route=\/wp\/v2\/posts\/5162\/revisions"}],"wp:featuredmedia":[{"embeddable":true,"href":"https:\/\/cofecon.org.br\/cofecon\/index.php?rest_route=\/wp\/v2\/media\/5164"}],"wp:attachment":[{"href":"https:\/\/cofecon.org.br\/cofecon\/index.php?rest_route=%2Fwp%2Fv2%2Fmedia&parent=5162"}],"wp:term":[{"taxonomy":"category","embeddable":true,"href":"https:\/\/cofecon.org.br\/cofecon\/index.php?rest_route=%2Fwp%2Fv2%2Fcategories&post=5162"},{"taxonomy":"post_tag","embeddable":true,"href":"https:\/\/cofecon.org.br\/cofecon\/index.php?rest_route=%2Fwp%2Fv2%2Ftags&post=5162"}],"curies":[{"name":"wp","href":"https:\/\/api.w.org\/{rel}","templated":true}]}}