{"id":5151,"date":"2018-05-26T17:56:45","date_gmt":"2018-05-26T20:56:45","guid":{"rendered":"http:\/\/www.cofecon.org.br\/?p=5151"},"modified":"2018-05-26T17:56:45","modified_gmt":"2018-05-26T20:56:45","slug":"nota-do-cofecon-sobre-a-greve-dos-caminhoneiros","status":"publish","type":"post","link":"https:\/\/cofecon.org.br\/cofecon\/?p=5151","title":{"rendered":"Nota do Cofecon sobre a greve dos caminhoneiros"},"content":{"rendered":"<p class=\"western\" lang=\"pt\" align=\"justify\"><span style=\"color: #000000;\"><span style=\"font-family: Verdana, sans-serif;\"><span style=\"font-size: medium;\">A situa\u00e7\u00e3o em que se encontra a sociedade brasileira, diante da greve dos caminhoneiros, tem suas ra\u00edzes em um contexto mais amplo, como resultado de uma equivocada pol\u00edtica de pre\u00e7os e de produ\u00e7\u00e3o dos derivados do petr\u00f3leo praticada pela Petrobras e de valoriza\u00e7\u00f5es do d\u00f3lar.<\/span><\/span><\/span><\/p>\n<p class=\"western\" lang=\"pt\" align=\"justify\"><span style=\"color: #000000;\"><span style=\"font-family: Verdana, sans-serif;\"><span style=\"font-size: medium;\">A diminui\u00e7\u00e3o da capacidade de refino, da ordem de 24%, segundo dados da Petrobras, quando no passado t\u00ednhamos condi\u00e7\u00f5es de atender \u00e0 demanda interna de combust\u00edveis em cerca de 90%, enrijeceu a pol\u00edtica de pre\u00e7os da Petrobras. A empresa est\u00e1 subutilizando a capacidade de refino de quatro refinarias que fazem parte do plano de desinvestimento da empresa, como estrat\u00e9gia de proporcionar um mercado para os importadores e potenciais compradores. Isso gera uma depend\u00eancia de importa\u00e7\u00f5es de derivados do petr\u00f3leo, transmitindo a volatilidade do c\u00e2mbio aos seus pre\u00e7os.<\/span><\/span><\/span><\/p>\n<p class=\"western\" lang=\"pt\" align=\"justify\"><span style=\"color: #000000;\"><span style=\"font-family: Verdana, sans-serif;\"><span style=\"font-size: medium;\">Sobre a conjuntura internacional, o governo brasileiro n\u00e3o tem nenhum poder de interfer\u00eancia. O mesmo n\u00e3o podemos afirmar sobre uma pol\u00edtica dos derivados do petr\u00f3leo. Caso a Petrobras utilizasse sua atual capacidade total de refino, da ordem de 2,35 milh\u00f5es de barris\/dia, poderia atender praticamente toda a demanda estimada em 2,4 milh\u00f5es barris\/dia.<\/span><\/span><\/span><\/p>\n<p class=\"western\" lang=\"pt\" align=\"justify\"><span style=\"color: #000000;\"><span style=\"font-family: Verdana, sans-serif;\"><span style=\"font-size: medium;\">Em um primeiro momento, o governo tomou a decis\u00e3o de n\u00e3o interferir na pol\u00edtica de pre\u00e7os praticada pela Petrobras, no sentido de acompanhar a varia\u00e7\u00e3o do valor do petr\u00f3leo no mercado internacional, decis\u00e3o equivocada, quando se sabe que a oferta de \u00f3leo e derivados pode suprir integralmente a demanda interna e nem todos os custos da Petrobras s\u00e3o dolarizados. Os reflexos dessa decis\u00e3o foram nefastos para os caminhoneiros, como tamb\u00e9m para as empresas distribuidoras de gasolina e diesel e, em \u00faltima inst\u00e2ncia, para os consumidores. A solu\u00e7\u00e3o dessa situa\u00e7\u00e3o n\u00e3o passa simplesmente pela elimina\u00e7\u00e3o de impostos.<\/span><\/span><\/span><\/p>\n<p class=\"western\" lang=\"pt\" align=\"justify\"><span style=\"color: #000000;\"><span style=\"font-family: Verdana, sans-serif;\"><span style=\"font-size: medium;\">Deve sempre ser lembrado que a Petrobras \u00e9 uma empresa estrat\u00e9gica e suas atividades t\u00eam impacto em v\u00e1rios setores da economia. <\/span><\/span><\/span><\/p>\n<p class=\"western\" align=\"justify\"><span style=\"font-family: Verdana, sans-serif;\"><span style=\"font-size: medium;\"><span style=\"color: #000000;\"><span lang=\"pt\">O Cofecon reconhece os direitos dos caminhoneiros na defesa dos seus interesses, desde que n\u00e3o associados a atividades criminosas de <\/span><\/span><span style=\"color: #000000;\"><span lang=\"pt\"><i>lock out <\/i><\/span><\/span><span style=\"color: #000000;\"><span lang=\"pt\">e dentro dos limites que n\u00e3o causem exagerados transtornos \u00e0 popula\u00e7\u00e3o. <\/span><\/span><span style=\"color: #000000;\"><span lang=\"pt\">O Cofecon<\/span><\/span><span style=\"color: #000000;\"><span lang=\"pt\"> se posiciona a favor de uma revis\u00e3o, <\/span><\/span><span style=\"color: #000000;\"><span lang=\"pt\">por<\/span><\/span><span style=\"color: #000000;\"><span lang=\"pt\"> parte do governo, da sua pol\u00edtica de pre\u00e7os dos derivados do petr\u00f3leo <\/span><\/span><span style=\"color: #000000;\"><span lang=\"pt\">e a ado\u00e7\u00e3o de a\u00e7\u00f5es voltadas para o fortalecimento e retomada plena das atividades estrat\u00e9gicas executadas pela Petrobras,<\/span><\/span><span style=\"color: #000000;\"><span lang=\"pt\"> restituindo a normalidade nos setores de transportes e abastecimento da economia brasileira.<\/span><\/span><\/span><\/span><\/p>\n<p class=\"western\" lang=\"pt\" align=\"center\"><span style=\"color: #00000a;\"><span style=\"font-family: Verdana, sans-serif;\"><span style=\"font-size: medium;\"><b>Conselho Federal de Economia<\/b><\/span><\/span><\/span><\/p>\n<p class=\"western\" align=\"center\"><span style=\"font-family: Verdana, sans-serif;\"><span style=\"font-size: medium;\"><span style=\"color: #00000a;\"><span lang=\"pt\"><b>2<\/b><\/span><\/span><span style=\"color: #00000a;\"><span lang=\"pt\"><b>6 de maio de 2018<\/b><\/span><\/span><\/span><\/span><\/p>\n","protected":false},"excerpt":{"rendered":"<p>A situa\u00e7\u00e3o em que se encontra a sociedade brasileira, diante da greve dos caminhoneiros, tem suas ra\u00edzes em um contexto mais amplo, como resultado de uma equivocada pol\u00edtica de pre\u00e7os e de produ\u00e7\u00e3o dos derivados do petr\u00f3leo praticada pela Petrobras<\/p>\n<p><a class=\"more-link\" href=\"https:\/\/cofecon.org.br\/cofecon\/?p=5151\">Leia Mais<\/a><\/p>\n","protected":false},"author":1,"featured_media":5153,"comment_status":"open","ping_status":"open","sticky":false,"template":"","format":"standard","meta":{"footnotes":""},"categories":[10,2],"tags":[],"class_list":["post-5151","post","type-post","status-publish","format-standard","has-post-thumbnail","hentry","category-notas-oficiais","category-noticias"],"_links":{"self":[{"href":"https:\/\/cofecon.org.br\/cofecon\/index.php?rest_route=\/wp\/v2\/posts\/5151"}],"collection":[{"href":"https:\/\/cofecon.org.br\/cofecon\/index.php?rest_route=\/wp\/v2\/posts"}],"about":[{"href":"https:\/\/cofecon.org.br\/cofecon\/index.php?rest_route=\/wp\/v2\/types\/post"}],"author":[{"embeddable":true,"href":"https:\/\/cofecon.org.br\/cofecon\/index.php?rest_route=\/wp\/v2\/users\/1"}],"replies":[{"embeddable":true,"href":"https:\/\/cofecon.org.br\/cofecon\/index.php?rest_route=%2Fwp%2Fv2%2Fcomments&post=5151"}],"version-history":[{"count":0,"href":"https:\/\/cofecon.org.br\/cofecon\/index.php?rest_route=\/wp\/v2\/posts\/5151\/revisions"}],"wp:featuredmedia":[{"embeddable":true,"href":"https:\/\/cofecon.org.br\/cofecon\/index.php?rest_route=\/wp\/v2\/media\/5153"}],"wp:attachment":[{"href":"https:\/\/cofecon.org.br\/cofecon\/index.php?rest_route=%2Fwp%2Fv2%2Fmedia&parent=5151"}],"wp:term":[{"taxonomy":"category","embeddable":true,"href":"https:\/\/cofecon.org.br\/cofecon\/index.php?rest_route=%2Fwp%2Fv2%2Fcategories&post=5151"},{"taxonomy":"post_tag","embeddable":true,"href":"https:\/\/cofecon.org.br\/cofecon\/index.php?rest_route=%2Fwp%2Fv2%2Ftags&post=5151"}],"curies":[{"name":"wp","href":"https:\/\/api.w.org\/{rel}","templated":true}]}}