{"id":4859,"date":"2018-05-07T15:26:34","date_gmt":"2018-05-07T18:26:34","guid":{"rendered":"http:\/\/www.cofecon.org.br\/?p=4859"},"modified":"2018-05-07T15:26:34","modified_gmt":"2018-05-07T18:26:34","slug":"prefeito-de-porto-velho-recebeu-vice-presidente-do-cofecon-e-o-presidente-do-corecon-ro","status":"publish","type":"post","link":"https:\/\/cofecon.org.br\/cofecon\/?p=4859","title":{"rendered":"Vice-presidente do Cofecon e presidente do Corecon-RO participaram de audi\u00eancia com o prefeito de Porto Velho"},"content":{"rendered":"<p style=\"text-align: justify;\" align=\"justify\"><span style=\"font-family: Verdana, sans-serif;\"><span style=\"font-size: small;\"><a href=\"http:\/\/www.cofecon.org.br\/2018\/05\/07\/prefeito-de-porto-velho-recebeu-vice-presidente-do-cofecon-e-o-presidente-do-corecon-ro\/corecon-ro_2\/\" rel=\"attachment wp-att-4860\"><img loading=\"lazy\" decoding=\"async\" class=\"size-full wp-image-4860 alignleft\" src=\"http:\/\/cofecon.org.br\/cofecon\/wp-content\/uploads\/2018\/05\/corecon-ro_2.jpg\" alt=\"\" width=\"350\" height=\"251\" srcset=\"https:\/\/cofecon.org.br\/cofecon\/wp-content\/uploads\/2018\/05\/corecon-ro_2.jpg 350w, https:\/\/cofecon.org.br\/cofecon\/wp-content\/uploads\/2018\/05\/corecon-ro_2-300x215.jpg 300w\" sizes=\"(max-width: 350px) 100vw, 350px\" \/><\/a>A vice-presidente do Cofecon, Bianca Lopes de Andrade Rodrigues, e o presidente do Conselho Regional de Economia de Rond\u00f4nia (Corecon-RO), Jo\u00e3o Batista Almeida, participaram de reuni\u00e3o com o prefeito de Porto Velho (RO), Hildon de Lima Chaves, no dia 03 de maio para tratar do XXIV Simp\u00f3sio Nacional dos Conselhos de Economia (SINCE). O evento, organizado pelo Cofecon em parceria com o Corecon-RO, ser\u00e1 realizado de 19 a 21 de setembro na capital rondoniense e contar\u00e1 com a participa\u00e7\u00e3o de economistas de todo o Pa\u00eds.<\/span><\/span><\/p>\n<p style=\"text-align: justify;\" align=\"justify\"><span style=\"font-family: Verdana, sans-serif;\"><span style=\"font-size: small;\">Durante a reuni\u00e3o, tamb\u00e9m foram abordados os seguintes assuntos: doa\u00e7\u00e3o\/cess\u00e3o de im\u00f3vel para instala\u00e7\u00e3o da sede do Corecon-RO e a participa\u00e7\u00e3o do Regional no Conselho da Ag\u00eancia de Desenvolvimento Municipal.<\/span><\/span><\/p>\n<p style=\"text-align: justify;\" align=\"justify\"><span style=\"font-family: Verdana, sans-serif;\"><span style=\"font-size: small;\">Segundo a vice-presidente do Cofecon e o presidente do Corecon-RO, o prefeito Hildon Chaves se mostrou bastante receptivo em rela\u00e7\u00e3o ao XXIV Since e \u00e0 participa\u00e7\u00e3o do Corecon-RO no Conselho de Desenvolvimento Municipal. Em rela\u00e7\u00e3o \u00e0 doa\u00e7\u00e3o\/cess\u00e3o do im\u00f3vel para a sede do Regional, informou que ser\u00e1 encaminhado para estudo e an\u00e1lise.<\/span><\/span><\/p>\n","protected":false},"excerpt":{"rendered":"<p>A vice-presidente do Cofecon, Bianca Lopes de Andrade Rodrigues, e o presidente do Conselho Regional de Economia de Rond\u00f4nia (Corecon-RO), Jo\u00e3o Batista Almeida, participaram de reuni\u00e3o com o prefeito de Porto Velho (RO), Hildon de Lima Chaves, no dia 03<\/p>\n<p><a class=\"more-link\" href=\"https:\/\/cofecon.org.br\/cofecon\/?p=4859\">Leia Mais<\/a><\/p>\n","protected":false},"author":1,"featured_media":4860,"comment_status":"open","ping_status":"open","sticky":false,"template":"","format":"standard","meta":{"footnotes":""},"categories":[2],"tags":[],"class_list":["post-4859","post","type-post","status-publish","format-standard","has-post-thumbnail","hentry","category-noticias"],"_links":{"self":[{"href":"https:\/\/cofecon.org.br\/cofecon\/index.php?rest_route=\/wp\/v2\/posts\/4859"}],"collection":[{"href":"https:\/\/cofecon.org.br\/cofecon\/index.php?rest_route=\/wp\/v2\/posts"}],"about":[{"href":"https:\/\/cofecon.org.br\/cofecon\/index.php?rest_route=\/wp\/v2\/types\/post"}],"author":[{"embeddable":true,"href":"https:\/\/cofecon.org.br\/cofecon\/index.php?rest_route=\/wp\/v2\/users\/1"}],"replies":[{"embeddable":true,"href":"https:\/\/cofecon.org.br\/cofecon\/index.php?rest_route=%2Fwp%2Fv2%2Fcomments&post=4859"}],"version-history":[{"count":0,"href":"https:\/\/cofecon.org.br\/cofecon\/index.php?rest_route=\/wp\/v2\/posts\/4859\/revisions"}],"wp:featuredmedia":[{"embeddable":true,"href":"https:\/\/cofecon.org.br\/cofecon\/index.php?rest_route=\/wp\/v2\/media\/4860"}],"wp:attachment":[{"href":"https:\/\/cofecon.org.br\/cofecon\/index.php?rest_route=%2Fwp%2Fv2%2Fmedia&parent=4859"}],"wp:term":[{"taxonomy":"category","embeddable":true,"href":"https:\/\/cofecon.org.br\/cofecon\/index.php?rest_route=%2Fwp%2Fv2%2Fcategories&post=4859"},{"taxonomy":"post_tag","embeddable":true,"href":"https:\/\/cofecon.org.br\/cofecon\/index.php?rest_route=%2Fwp%2Fv2%2Ftags&post=4859"}],"curies":[{"name":"wp","href":"https:\/\/api.w.org\/{rel}","templated":true}]}}