{"id":4852,"date":"2018-05-07T14:30:53","date_gmt":"2018-05-07T17:30:53","guid":{"rendered":"http:\/\/www.cofecon.org.br\/?p=4852"},"modified":"2018-05-07T14:30:53","modified_gmt":"2018-05-07T17:30:53","slug":"presidente-do-cofecon-gravou-depoimento-para-o-movimento-reforma-tributaria-solidaria","status":"publish","type":"post","link":"https:\/\/cofecon.org.br\/cofecon\/?p=4852","title":{"rendered":"Presidente do Cofecon gravou depoimento para o Movimento Reforma Tribut\u00e1ria Solid\u00e1ria"},"content":{"rendered":"<p style=\"text-align: justify;\"><span style=\"font-family: Verdana, sans-serif;\"><span style=\"font-size: small;\"><span style=\"color: #000000;\">O presidente do Cofecon, Wellington Leonardo da Silva, participou do evento sobre os 44 anos da Revolu\u00e7\u00e3o dos Cravos, ocasi\u00e3o em que foi apresentado o manifesto \u201cReforma Tribut\u00e1ria Solid\u00e1ria: Menos Desigualdade, Mais Brasil\u201d. O lan\u00e7amento ocorreu no dia 25 de abril no Sal\u00e3o Nobre da C\u00e2mara dos Deputados <\/span><span style=\"color: #000000;\">e, na ocasi\u00e3o, Wellington Leonardo gravou um depoimento sobre a necessidade de realiza\u00e7\u00e3o de uma reforma tribut\u00e1ria.<\/span>\u00a0<\/span><\/span><\/p>\n<p style=\"text-align: justify;\">&#8220;A reforma tribut\u00e1ria tem uma import\u00e2ncia extraordin\u00e1ria para que voc\u00ea tenha um pa\u00eds mais justo, uma sociedade mais equ\u00e2nime, propiciando que a arrecada\u00e7\u00e3o de tributos seja suficiente para gerar bem-estar social para a popula\u00e7\u00e3o. O problema \u00e9: qu\u00ea Reforma Tribut\u00e1ria? Na hora em que voc\u00ea come\u00e7a a discutir, os banqueiros dizem, por exemplo, que querem uma reforma tribut\u00e1ria que signifique n\u00e3o tributar o capital. Aqueles que concentram 90% da riqueza no Brasil querem uma reforma tribut\u00e1ria que n\u00e3o taxe a riqueza. N\u00f3s n\u00e3o. N\u00f3s queremos uma reforma tribut\u00e1ria que seja de car\u00e1ter progressivo, justa e voltada para a cria\u00e7\u00e3o de emprego, e que signifique melhoria na qualidade de vida para todos os homens e mulheres deste Pa\u00eds&#8221;.<\/p>\n<p style=\"text-align: justify;\" align=\"justify\">\u00a0<\/p>\n<p style=\"text-align: justify;\" align=\"justify\"><span style=\"font-family: Verdana, sans-serif;\"><span style=\"font-size: small;\">Confira o v\u00eddeo abaixo:<\/span><\/span><\/p>\n<p><iframe loading=\"lazy\" title=\"Wellington Leonardo, presidente do COFECON, diz que a reforma \u00e9 essencial para pa\u00eds mais justo.\" width=\"500\" height=\"281\" src=\"https:\/\/www.youtube.com\/embed\/UJU_WRzRd-M?feature=oembed\" frameborder=\"0\" allow=\"accelerometer; autoplay; clipboard-write; encrypted-media; gyroscope; picture-in-picture; web-share\" referrerpolicy=\"strict-origin-when-cross-origin\" allowfullscreen><\/iframe><\/p>\n<p style=\"text-align: justify;\" align=\"justify\"><span style=\"font-family: Verdana, sans-serif;\"><span style=\"font-size: small;\"><a href=\"file:\/\/\/C:\/Users\/natalia.kenupp\/Downloads\/Manifesto_RTS_27x20cm-menor-1%20(1).pdf\"><span style=\"text-decoration: underline;\"><strong>Clique AQUI<\/strong><\/span><\/a> para conferir o Manifesto do Movimento Reforma Tribut\u00e1ria Solid\u00e1ria.<\/span><\/span><\/p>\n","protected":false},"excerpt":{"rendered":"<p>O presidente do Cofecon, Wellington Leonardo da Silva, participou do evento sobre os 44 anos da Revolu\u00e7\u00e3o dos Cravos, ocasi\u00e3o em que foi apresentado o manifesto \u201cReforma Tribut\u00e1ria Solid\u00e1ria: Menos Desigualdade, Mais Brasil\u201d. O lan\u00e7amento ocorreu no dia 25 de<\/p>\n<p><a class=\"more-link\" href=\"https:\/\/cofecon.org.br\/cofecon\/?p=4852\">Leia Mais<\/a><\/p>\n","protected":false},"author":1,"featured_media":4853,"comment_status":"open","ping_status":"open","sticky":false,"template":"","format":"standard","meta":{"footnotes":""},"categories":[47,2],"tags":[],"class_list":["post-4852","post","type-post","status-publish","format-standard","has-post-thumbnail","hentry","category-acoes-da-presidencia-wellington","category-noticias"],"_links":{"self":[{"href":"https:\/\/cofecon.org.br\/cofecon\/index.php?rest_route=\/wp\/v2\/posts\/4852"}],"collection":[{"href":"https:\/\/cofecon.org.br\/cofecon\/index.php?rest_route=\/wp\/v2\/posts"}],"about":[{"href":"https:\/\/cofecon.org.br\/cofecon\/index.php?rest_route=\/wp\/v2\/types\/post"}],"author":[{"embeddable":true,"href":"https:\/\/cofecon.org.br\/cofecon\/index.php?rest_route=\/wp\/v2\/users\/1"}],"replies":[{"embeddable":true,"href":"https:\/\/cofecon.org.br\/cofecon\/index.php?rest_route=%2Fwp%2Fv2%2Fcomments&post=4852"}],"version-history":[{"count":0,"href":"https:\/\/cofecon.org.br\/cofecon\/index.php?rest_route=\/wp\/v2\/posts\/4852\/revisions"}],"wp:featuredmedia":[{"embeddable":true,"href":"https:\/\/cofecon.org.br\/cofecon\/index.php?rest_route=\/wp\/v2\/media\/4853"}],"wp:attachment":[{"href":"https:\/\/cofecon.org.br\/cofecon\/index.php?rest_route=%2Fwp%2Fv2%2Fmedia&parent=4852"}],"wp:term":[{"taxonomy":"category","embeddable":true,"href":"https:\/\/cofecon.org.br\/cofecon\/index.php?rest_route=%2Fwp%2Fv2%2Fcategories&post=4852"},{"taxonomy":"post_tag","embeddable":true,"href":"https:\/\/cofecon.org.br\/cofecon\/index.php?rest_route=%2Fwp%2Fv2%2Ftags&post=4852"}],"curies":[{"name":"wp","href":"https:\/\/api.w.org\/{rel}","templated":true}]}}