{"id":4844,"date":"2018-05-07T14:00:18","date_gmt":"2018-05-07T17:00:18","guid":{"rendered":"http:\/\/www.cofecon.org.br\/?p=4844"},"modified":"2018-05-07T14:00:18","modified_gmt":"2018-05-07T17:00:18","slug":"jornal-da-assembleia-legislativa-do-ceara-repercute-estudo-do-corecon-ce","status":"publish","type":"post","link":"https:\/\/cofecon.org.br\/cofecon\/?p=4844","title":{"rendered":"M\u00eddia cearense repercute estudo econ\u00f4mico do Corecon-CE"},"content":{"rendered":"<p style=\"text-align: justify;\">Reportagens do Jornal Assembleia, da TV Assembleia, \u00f3rg\u00e3o oficial da Assembleia Legislativa do Estado do Cear\u00e1 (AL-CE), e do jornal O Estado citaram estudo econ\u00f4mico elaborado em conjunto pelo Conselho Regional de Economia do Cear\u00e1 (Corecon-CE) e pela Federa\u00e7\u00e3o do Com\u00e9rcio de Bens, Servi\u00e7os e Turismo do Cear\u00e1 (Fecom\u00e9rcio-CE).\u00a0<\/p>\n<p style=\"text-align: justify;\">A pesquisa <em>\u00cdndice de Expectativas dos Especialistas em Economia (IEE)<\/em> tem\u00a0periodicidade bimestral e colhe as expectativas de 138 especialistas em economia. A amostra re\u00fane profissionais dos mais diversos setores da economia cearense: ind\u00fastria, agricultura, setor p\u00fablico, mercado financeiro, com\u00e9rcio e servi\u00e7os. Economistas, empres\u00e1rios, consultores, executivos de finan\u00e7as, professores universit\u00e1rios, pesquisadores, analistas e dirigentes de entidades diversas contribu\u00edram com suas percep\u00e7\u00f5es.<\/p>\n<p style=\"text-align: justify;\">Leia a mat\u00e9ria do Jornal O Estado em\u00a0<a href=\"http:\/\/www.oestadoce.com.br\/economia\/otimismo-dos-especialistas-volta-a-cair\">http:\/\/www.oestadoce.com.br\/economia\/otimismo-dos-especialistas-volta-a-cair<\/a>.<\/p>\n<p style=\"text-align: justify;\">Assista \u00e0 reportagem do Jornal Assembleia:\u00a0<\/p>\n<div style=\"width: 320px;\" class=\"wp-video\"><!--[if lt IE 9]><script>document.createElement('video');<\/script><![endif]-->\n<video class=\"wp-video-shortcode\" id=\"video-4844-1\" width=\"320\" height=\"240\" preload=\"metadata\" controls=\"controls\"><source type=\"video\/mp4\" src=\"http:\/\/cofecon.org.br\/cofecon\/wp-content\/uploads\/2018\/05\/Jornal-Assembleia.mp4?_=1\" \/><a href=\"http:\/\/cofecon.org.br\/cofecon\/wp-content\/uploads\/2018\/05\/Jornal-Assembleia.mp4\">http:\/\/cofecon.org.br\/cofecon\/wp-content\/uploads\/2018\/05\/Jornal-Assembleia.mp4<\/a><\/video><\/div>\n<p>&nbsp;<\/p>\n<p><a href=\"https:\/\/drive.google.com\/drive\/folders\/1Fy42_-XJRnt3YWrhCc4XJ8uf7kcQQU9w\">Clique aqui para conferir o estudo na \u00edntegra.<\/a><\/p>\n","protected":false},"excerpt":{"rendered":"<p>Reportagens do Jornal Assembleia, da TV Assembleia, \u00f3rg\u00e3o oficial da Assembleia Legislativa do Estado do Cear\u00e1 (AL-CE), e do jornal O Estado citaram estudo econ\u00f4mico elaborado em conjunto pelo Conselho Regional de Economia do Cear\u00e1 (Corecon-CE) e pela Federa\u00e7\u00e3o do<\/p>\n<p><a class=\"more-link\" href=\"https:\/\/cofecon.org.br\/cofecon\/?p=4844\">Leia Mais<\/a><\/p>\n","protected":false},"author":1,"featured_media":4849,"comment_status":"open","ping_status":"open","sticky":false,"template":"","format":"standard","meta":{"footnotes":""},"categories":[5],"tags":[],"class_list":["post-4844","post","type-post","status-publish","format-standard","has-post-thumbnail","hentry","category-corecons-na-midia"],"_links":{"self":[{"href":"https:\/\/cofecon.org.br\/cofecon\/index.php?rest_route=\/wp\/v2\/posts\/4844"}],"collection":[{"href":"https:\/\/cofecon.org.br\/cofecon\/index.php?rest_route=\/wp\/v2\/posts"}],"about":[{"href":"https:\/\/cofecon.org.br\/cofecon\/index.php?rest_route=\/wp\/v2\/types\/post"}],"author":[{"embeddable":true,"href":"https:\/\/cofecon.org.br\/cofecon\/index.php?rest_route=\/wp\/v2\/users\/1"}],"replies":[{"embeddable":true,"href":"https:\/\/cofecon.org.br\/cofecon\/index.php?rest_route=%2Fwp%2Fv2%2Fcomments&post=4844"}],"version-history":[{"count":0,"href":"https:\/\/cofecon.org.br\/cofecon\/index.php?rest_route=\/wp\/v2\/posts\/4844\/revisions"}],"wp:featuredmedia":[{"embeddable":true,"href":"https:\/\/cofecon.org.br\/cofecon\/index.php?rest_route=\/wp\/v2\/media\/4849"}],"wp:attachment":[{"href":"https:\/\/cofecon.org.br\/cofecon\/index.php?rest_route=%2Fwp%2Fv2%2Fmedia&parent=4844"}],"wp:term":[{"taxonomy":"category","embeddable":true,"href":"https:\/\/cofecon.org.br\/cofecon\/index.php?rest_route=%2Fwp%2Fv2%2Fcategories&post=4844"},{"taxonomy":"post_tag","embeddable":true,"href":"https:\/\/cofecon.org.br\/cofecon\/index.php?rest_route=%2Fwp%2Fv2%2Ftags&post=4844"}],"curies":[{"name":"wp","href":"https:\/\/api.w.org\/{rel}","templated":true}]}}