{"id":4841,"date":"2018-05-07T12:15:54","date_gmt":"2018-05-07T15:15:54","guid":{"rendered":"http:\/\/www.cofecon.org.br\/?p=4841"},"modified":"2018-05-07T12:15:54","modified_gmt":"2018-05-07T15:15:54","slug":"inscricoes-abertas-para-o-28o-premio-parana-de-economia","status":"publish","type":"post","link":"https:\/\/cofecon.org.br\/cofecon\/?p=4841","title":{"rendered":"Inscri\u00e7\u00f5es abertas para o 28\u00ba Pr\u00eamio Paran\u00e1 de Economia"},"content":{"rendered":"<p style=\"text-align: justify;\">As inscri\u00e7\u00f5es para o 28\u00ba Pr\u00eamio Paran\u00e1 de Economia seguem at\u00e9 o dia 1\u00ba de junho. A premia\u00e7\u00e3o \u00e9 promovida anualmente pelo Conselho Regional de Economia do Paran\u00e1 (Corecon-PR) com o intuito de reconhecer trabalhos de estudantes de Economia e economistas. Ao todo, ser\u00e3o distribu\u00eddos R$ 11,5 mil em pr\u00eamios. O regulamento est\u00e1 dispon\u00edvel em <a href=\"http:\/\/www.coreconpr.gov.br\/\">www.coreconpr.gov.br<\/a><\/p>\n<p style=\"text-align: justify;\">O Pr\u00eamio contempla duas modalidades: 1)Monografias de Conclus\u00e3o de Curso de Gradua\u00e7\u00e3o em Ci\u00eancias Econ\u00f4micas, desdobrada em duas \u00e1reas \u2013 Economia Paranaense e Economia Pura e Aplicada -; e 2) Artigos, compreendendo uma categoria \u2013 Artigos de Economistas. \u00c9 importante destacar que apenas est\u00e3o aptas a concorrer as monografias individuais que foram apresentadas como requisito para obten\u00e7\u00e3o do grau de bacharel em Ci\u00eancias Econ\u00f4micas, referente ao per\u00edodo letivo de 2017.<\/p>\n<p style=\"text-align: justify;\">A comiss\u00e3o organizadora \u00e9 coordenada pelo economista Tiago Jazynski e formada por Maria de F\u00e1tima Miranda, Luis Alberto Ferreira Garcia, Amarildo de Souza Santos e Gilberto Coelho de Miranda J\u00fanior.<\/p>\n<p style=\"text-align: justify;\">Os resultados ser\u00e3o divulgados no dia 17 de agosto, \u00e0s 17h, no site <a href=\"http:\/\/www.coreconpr.gov.br\/\">www.coreconpr.gov.br<\/a>. A cerim\u00f4nia de premia\u00e7\u00e3o ocorrer\u00e1 no dia 24 de agosto de 2018, no audit\u00f3rio da Universidade Federal da Fronteira Sul (UFFS), campus Laranjeiras do Sul.<\/p>\n<p>Premia\u00e7\u00e3o:<\/p>\n<p>Economia Pura e Aplicada<\/p>\n<p style=\"text-align: justify;\">Primeiro colocado: Diploma e R$ 2.000,00 (dois mil reais)<\/p>\n<p style=\"text-align: justify;\">Segundo colocado: Diploma e R$ 1.500,00 (um mil e quinhentos reais)<\/p>\n<p style=\"text-align: justify;\">Terceiro colocado: Diploma e R$ 1.000,00 (um mil reais)<\/p>\n<p style=\"text-align: justify;\">Economia Paranaense<\/p>\n<p style=\"text-align: justify;\">Primeiro coloado: Diploma e R$ 2.000,00 (dois mil reais)<\/p>\n<p style=\"text-align: justify;\">Segundo colocado: Diploma e R$ 1.500,00 (um mil e quinhentos reais)<\/p>\n<p style=\"text-align: justify;\">Terceiro colocado: Diploma e R$ 1.000,00 (um mil reais)<\/p>\n<p style=\"text-align: justify;\">Artigso de Economistas<\/p>\n<p style=\"text-align: justify;\">Primeiro colocado: Diploma e R$ 1.500,00 (um mil e quinhentos reais)<\/p>\n<p style=\"text-align: justify;\">Segundo coloado: Diploma e R$ 1.000,00 (um mil reais)<\/p>\n","protected":false},"excerpt":{"rendered":"<p>As inscri\u00e7\u00f5es para o 28\u00ba Pr\u00eamio Paran\u00e1 de Economia seguem at\u00e9 o dia 1\u00ba de junho. A premia\u00e7\u00e3o \u00e9 promovida anualmente pelo Conselho Regional de Economia do Paran\u00e1 (Corecon-PR) com o intuito de reconhecer trabalhos de estudantes de Economia e<\/p>\n<p><a class=\"more-link\" href=\"https:\/\/cofecon.org.br\/cofecon\/?p=4841\">Leia Mais<\/a><\/p>\n","protected":false},"author":1,"featured_media":4842,"comment_status":"open","ping_status":"open","sticky":false,"template":"","format":"standard","meta":{"footnotes":""},"categories":[2],"tags":[],"class_list":["post-4841","post","type-post","status-publish","format-standard","has-post-thumbnail","hentry","category-noticias"],"_links":{"self":[{"href":"https:\/\/cofecon.org.br\/cofecon\/index.php?rest_route=\/wp\/v2\/posts\/4841"}],"collection":[{"href":"https:\/\/cofecon.org.br\/cofecon\/index.php?rest_route=\/wp\/v2\/posts"}],"about":[{"href":"https:\/\/cofecon.org.br\/cofecon\/index.php?rest_route=\/wp\/v2\/types\/post"}],"author":[{"embeddable":true,"href":"https:\/\/cofecon.org.br\/cofecon\/index.php?rest_route=\/wp\/v2\/users\/1"}],"replies":[{"embeddable":true,"href":"https:\/\/cofecon.org.br\/cofecon\/index.php?rest_route=%2Fwp%2Fv2%2Fcomments&post=4841"}],"version-history":[{"count":0,"href":"https:\/\/cofecon.org.br\/cofecon\/index.php?rest_route=\/wp\/v2\/posts\/4841\/revisions"}],"wp:featuredmedia":[{"embeddable":true,"href":"https:\/\/cofecon.org.br\/cofecon\/index.php?rest_route=\/wp\/v2\/media\/4842"}],"wp:attachment":[{"href":"https:\/\/cofecon.org.br\/cofecon\/index.php?rest_route=%2Fwp%2Fv2%2Fmedia&parent=4841"}],"wp:term":[{"taxonomy":"category","embeddable":true,"href":"https:\/\/cofecon.org.br\/cofecon\/index.php?rest_route=%2Fwp%2Fv2%2Fcategories&post=4841"},{"taxonomy":"post_tag","embeddable":true,"href":"https:\/\/cofecon.org.br\/cofecon\/index.php?rest_route=%2Fwp%2Fv2%2Ftags&post=4841"}],"curies":[{"name":"wp","href":"https:\/\/api.w.org\/{rel}","templated":true}]}}