{"id":4837,"date":"2018-05-07T10:39:42","date_gmt":"2018-05-07T13:39:42","guid":{"rendered":"http:\/\/www.cofecon.org.br\/?p=4837"},"modified":"2018-05-07T10:39:42","modified_gmt":"2018-05-07T13:39:42","slug":"corecon-df-apoia-realizacao-de-palestra-de-luiz-gustavo-medina","status":"publish","type":"post","link":"https:\/\/cofecon.org.br\/cofecon\/?p=4837","title":{"rendered":"Corecon-DF apoia realiza\u00e7\u00e3o de palestra de Luiz Gustavo Medina"},"content":{"rendered":"<p style=\"text-align: justify;\"><a href=\"http:\/\/www.cofecon.org.br\/2018\/05\/07\/corecon-df-apoia-realizacao-de-palestra-de-luiz-gustavo-medina\/teco-medina\/\" rel=\"attachment wp-att-4838\"><img loading=\"lazy\" decoding=\"async\" class=\"size-full wp-image-4838 alignleft\" src=\"http:\/\/cofecon.org.br\/cofecon\/wp-content\/uploads\/2018\/05\/teco-medina.jpg\" alt=\"\" width=\"350\" height=\"251\" srcset=\"https:\/\/cofecon.org.br\/cofecon\/wp-content\/uploads\/2018\/05\/teco-medina.jpg 350w, https:\/\/cofecon.org.br\/cofecon\/wp-content\/uploads\/2018\/05\/teco-medina-300x215.jpg 300w\" sizes=\"(max-width: 350px) 100vw, 350px\" \/><\/a>O Conselho Regional de Economia do Distrito Federal (Corecon-DF) apoia a realiza\u00e7\u00e3o da palestra \u201cCen\u00e1rios e perspectivas da economia brasileira e o momento de empreender\u201d, a ser ministrada pelo economista Luiz Gustavo Medina. O evento ocorrer\u00e1 nesta quinta-feira, 10 de maio, em dois momentos: \u00e0s 9h e \u00e0s 19h30, no campus da Universidade Cat\u00f3lica de Bras\u00edlia (UCB). A a\u00e7\u00e3o \u00e9 promovida pela UCB em parceria com o Servi\u00e7o Brasileiro de Apoio \u00e0s Micro e Pequenas Empresas (Sebrae) e \u00e9 aberta ao p\u00fablico.<\/p>\n<p style=\"text-align: justify;\">Luiz Gustavo Medina \u00e9 titular do quadro \u201cO assunto \u00e9 dinheiro\u201d, da r\u00e1dio CBN. Conhecido como Teco Medina, atua h\u00e1 quase 20 anos no mercado financeiro. Al\u00e9m de palestrante, \u00e9 autor dos livros \u201cInvestindo em A\u00e7\u00f5es \u2013 Os Primeiros Passos\u201d, \u201cInvestindo sem erro\u201d e \u201cInvestindo no futuro\u201d, da editora Saraiva.<\/p>\n<p style=\"text-align: justify;\">Servi\u00e7o:<\/p>\n<p style=\"text-align: justify;\">Palestra \u201cCen\u00e1rios e Perspectivas da economia Brasileira e o Momento de Empreender\u201d<\/p>\n<p style=\"text-align: justify;\">Data: 10 de maio (quinta-feira)<\/p>\n<p style=\"text-align: justify;\">Hor\u00e1rio: 9h e 19h30<\/p>\n<p style=\"text-align: justify;\">Local: Universidade Cat\u00f3lica de Bras\u00edlia, audit\u00f3rio do Bloco K.<\/p>\n<p>Participa\u00e7\u00e3o: Gratuita<\/p>\n","protected":false},"excerpt":{"rendered":"<p>O Conselho Regional de Economia do Distrito Federal (Corecon-DF) apoia a realiza\u00e7\u00e3o da palestra \u201cCen\u00e1rios e perspectivas da economia brasileira e o momento de empreender\u201d, a ser ministrada pelo economista Luiz Gustavo Medina. O evento ocorrer\u00e1 nesta quinta-feira, 10 de<\/p>\n<p><a class=\"more-link\" href=\"https:\/\/cofecon.org.br\/cofecon\/?p=4837\">Leia Mais<\/a><\/p>\n","protected":false},"author":1,"featured_media":4838,"comment_status":"open","ping_status":"open","sticky":false,"template":"","format":"standard","meta":{"footnotes":""},"categories":[2],"tags":[],"class_list":["post-4837","post","type-post","status-publish","format-standard","has-post-thumbnail","hentry","category-noticias"],"_links":{"self":[{"href":"https:\/\/cofecon.org.br\/cofecon\/index.php?rest_route=\/wp\/v2\/posts\/4837"}],"collection":[{"href":"https:\/\/cofecon.org.br\/cofecon\/index.php?rest_route=\/wp\/v2\/posts"}],"about":[{"href":"https:\/\/cofecon.org.br\/cofecon\/index.php?rest_route=\/wp\/v2\/types\/post"}],"author":[{"embeddable":true,"href":"https:\/\/cofecon.org.br\/cofecon\/index.php?rest_route=\/wp\/v2\/users\/1"}],"replies":[{"embeddable":true,"href":"https:\/\/cofecon.org.br\/cofecon\/index.php?rest_route=%2Fwp%2Fv2%2Fcomments&post=4837"}],"version-history":[{"count":0,"href":"https:\/\/cofecon.org.br\/cofecon\/index.php?rest_route=\/wp\/v2\/posts\/4837\/revisions"}],"wp:featuredmedia":[{"embeddable":true,"href":"https:\/\/cofecon.org.br\/cofecon\/index.php?rest_route=\/wp\/v2\/media\/4838"}],"wp:attachment":[{"href":"https:\/\/cofecon.org.br\/cofecon\/index.php?rest_route=%2Fwp%2Fv2%2Fmedia&parent=4837"}],"wp:term":[{"taxonomy":"category","embeddable":true,"href":"https:\/\/cofecon.org.br\/cofecon\/index.php?rest_route=%2Fwp%2Fv2%2Fcategories&post=4837"},{"taxonomy":"post_tag","embeddable":true,"href":"https:\/\/cofecon.org.br\/cofecon\/index.php?rest_route=%2Fwp%2Fv2%2Ftags&post=4837"}],"curies":[{"name":"wp","href":"https:\/\/api.w.org\/{rel}","templated":true}]}}